{"id":7866,"date":"2020-02-07T16:49:22","date_gmt":"2020-02-07T09:49:22","guid":{"rendered":"http:\/\/www.boydensvn.com\/?p=7866"},"modified":"2020-02-07T16:49:22","modified_gmt":"2020-02-07T09:49:22","slug":"nouveau-complexe-de-bureaux-pour-duco-veurne","status":"publish","type":"post","link":"https:\/\/www.boydensvn.com\/fr\/nouveau-complexe-de-bureaux-pour-duco-veurne\/","title":{"rendered":"Nouveau complexe de bureaux pour Duco \u00e0 Veurne"},"content":{"rendered":"<p>Apr\u00e8s l&#8217;ouverture d&#8217;un nouveau centre logistique et d&#8217;un nouvel atelier de rev\u00eatement en poudre enti\u00e8rement automatique, Vero Duco s&#8217;agrandit \u00e9galement avec un nouveau complexe de bureaux.<\/p>\n<p>Le parc de panneaux solaires a \u00e9t\u00e9 doubl\u00e9 et rend le site de 101.000 m\u00b2 neutre en \u00e9nergie en termes de besoins en \u00e9lectricit\u00e9. Pour le nouvel immeuble de bureaux \u00e9quip\u00e9 d&#8217;une salle de fitness, d&#8217;espaces de bureaux ergonomiques et de salles de r\u00e9union, l&#8217;\u00e9nergie g\u00e9othermique avec activation du noyau de b\u00e9ton pour le chauffage et le refroidissement sera utilis\u00e9e.<\/p>\n<p>Associ\u00e9 \u00e0 un syst\u00e8me intelligent de ventilation naturelle adapt\u00e9e \u00e0 la demande et de ventilation nocturne intensive, cela garantit un environnement de travail agr\u00e9able et sain.<\/p>\n<p>Pour plus d&#8217;informations (n\u00e9erlandais uniquement): <a href=\"https:\/\/www.bouwkroniek.be\/article\/nieuw-kantorencomplex-voor-duco-in-veurne.30344\">https:\/\/www.bouwkroniek.be\/article\/nieuw-kantorencomplex-voor-duco-in-veurne.30344<\/a><\/p>\n","protected":false},"excerpt":{"rendered":"<p>Apr\u00e8s l&#8217;ouverture d&#8217;un nouveau centre logistique et d&#8217;un nouvel atelier de rev\u00eatement en poudre enti\u00e8rement automatique, Vero Duco s&#8217;agrandit \u00e9galement avec un nouveau complexe de bureaux. Le parc de panneaux solaires a \u00e9t\u00e9 doubl\u00e9 et rend le site de 101.000 &hellip; <a href=\"https:\/\/www.boydensvn.com\/fr\/nouveau-complexe-de-bureaux-pour-duco-veurne\/\">Read more<\/a><\/p>\n","protected":false},"author":27,"featured_media":7860,"comment_status":"open","ping_status":"open","sticky":false,"template":"","format":"standard","meta":{"_acf_changed":false,"inline_featured_image":false,"footnotes":""},"categories":[19],"tags":[],"class_list":["post-7866","post","type-post","status-publish","format-standard","has-post-thumbnail","hentry","category-non-classifiee"],"acf":[],"yoast_head":"<!-- This site is optimized with the Yoast SEO plugin v26.2 - https:\/\/yoast.com\/wordpress\/plugins\/seo\/ -->\n<title>Nouveau complexe de bureaux pour Duco \u00e0 Veurne - Boydens Engineering<\/title>\n<meta name=\"robots\" content=\"index, follow, max-snippet:-1, max-image-preview:large, max-video-preview:-1\" \/>\n<link rel=\"canonical\" href=\"https:\/\/www.boydensvn.com\/fr\/nouveau-complexe-de-bureaux-pour-duco-veurne\/\" \/>\n<meta property=\"og:locale\" content=\"fr_FR\" \/>\n<meta property=\"og:type\" content=\"article\" \/>\n<meta property=\"og:title\" content=\"Nouveau complexe de bureaux pour Duco \u00e0 Veurne - Boydens Engineering\" \/>\n<meta property=\"og:description\" content=\"Apr\u00e8s l&#8217;ouverture d&#8217;un nouveau centre logistique et d&#8217;un nouvel atelier de rev\u00eatement en poudre enti\u00e8rement automatique, Vero Duco s&#8217;agrandit \u00e9galement avec un nouveau complexe de bureaux. Le parc de panneaux solaires a \u00e9t\u00e9 doubl\u00e9 et rend le site de 101.000 &hellip; Read more\" \/>\n<meta property=\"og:url\" content=\"https:\/\/www.boydensvn.com\/fr\/nouveau-complexe-de-bureaux-pour-duco-veurne\/\" \/>\n<meta property=\"og:site_name\" content=\"Boydens Engineering\" \/>\n<meta property=\"article:published_time\" content=\"2020-02-07T09:49:22+00:00\" \/>\n<meta property=\"og:image\" content=\"https:\/\/www.boydensvn.com\/wp-content\/uploads\/2020\/02\/Banner_Nieuwbouw_VeroDuco_26369903987474955661.jpg\" \/>\n\t<meta property=\"og:image:width\" content=\"2013\" \/>\n\t<meta property=\"og:image:height\" content=\"858\" \/>\n\t<meta property=\"og:image:type\" content=\"image\/jpeg\" \/>\n<meta name=\"author\" content=\"Trinh Tran Thi Doan\" \/>\n<meta name=\"twitter:card\" content=\"summary_large_image\" \/>\n<meta name=\"twitter:label1\" content=\"\u00c9crit par\" \/>\n\t<meta name=\"twitter:data1\" content=\"Trinh Tran Thi Doan\" \/>\n\t<meta name=\"twitter:label2\" content=\"Dur\u00e9e de lecture estim\u00e9e\" \/>\n\t<meta name=\"twitter:data2\" content=\"1 minute\" \/>\n<script type=\"application\/ld+json\" class=\"yoast-schema-graph\">{\"@context\":\"https:\/\/schema.org\",\"@graph\":[{\"@type\":\"WebPage\",\"@id\":\"https:\/\/www.boydensvn.com\/fr\/nouveau-complexe-de-bureaux-pour-duco-veurne\/\",\"url\":\"https:\/\/www.boydensvn.com\/fr\/nouveau-complexe-de-bureaux-pour-duco-veurne\/\",\"name\":\"Nouveau complexe de bureaux pour Duco \u00e0 Veurne - Boydens Engineering\",\"isPartOf\":{\"@id\":\"https:\/\/www.boydensvn.com\/#website\"},\"primaryImageOfPage\":{\"@id\":\"https:\/\/www.boydensvn.com\/fr\/nouveau-complexe-de-bureaux-pour-duco-veurne\/#primaryimage\"},\"image\":{\"@id\":\"https:\/\/www.boydensvn.com\/fr\/nouveau-complexe-de-bureaux-pour-duco-veurne\/#primaryimage\"},\"thumbnailUrl\":\"https:\/\/www.boydensvn.com\/wp-content\/uploads\/2020\/02\/Banner_Nieuwbouw_VeroDuco_26369903987474955661.jpg\",\"datePublished\":\"2020-02-07T09:49:22+00:00\",\"author\":{\"@id\":\"https:\/\/www.boydensvn.com\/#\/schema\/person\/397c5fb0220de494f739b04000ac4793\"},\"breadcrumb\":{\"@id\":\"https:\/\/www.boydensvn.com\/fr\/nouveau-complexe-de-bureaux-pour-duco-veurne\/#breadcrumb\"},\"inLanguage\":\"fr-FR\",\"potentialAction\":[{\"@type\":\"ReadAction\",\"target\":[\"https:\/\/www.boydensvn.com\/fr\/nouveau-complexe-de-bureaux-pour-duco-veurne\/\"]}]},{\"@type\":\"ImageObject\",\"inLanguage\":\"fr-FR\",\"@id\":\"https:\/\/www.boydensvn.com\/fr\/nouveau-complexe-de-bureaux-pour-duco-veurne\/#primaryimage\",\"url\":\"https:\/\/www.boydensvn.com\/wp-content\/uploads\/2020\/02\/Banner_Nieuwbouw_VeroDuco_26369903987474955661.jpg\",\"contentUrl\":\"https:\/\/www.boydensvn.com\/wp-content\/uploads\/2020\/02\/Banner_Nieuwbouw_VeroDuco_26369903987474955661.jpg\",\"width\":2013,\"height\":858},{\"@type\":\"BreadcrumbList\",\"@id\":\"https:\/\/www.boydensvn.com\/fr\/nouveau-complexe-de-bureaux-pour-duco-veurne\/#breadcrumb\",\"itemListElement\":[{\"@type\":\"ListItem\",\"position\":1,\"name\":\"Home\",\"item\":\"https:\/\/www.boydensvn.com\/fr\/\"},{\"@type\":\"ListItem\",\"position\":2,\"name\":\"Nouveau complexe de bureaux pour Duco \u00e0 Veurne\"}]},{\"@type\":\"WebSite\",\"@id\":\"https:\/\/www.boydensvn.com\/#website\",\"url\":\"https:\/\/www.boydensvn.com\/\",\"name\":\"Boydens Engineering\",\"description\":\"\",\"potentialAction\":[{\"@type\":\"SearchAction\",\"target\":{\"@type\":\"EntryPoint\",\"urlTemplate\":\"https:\/\/www.boydensvn.com\/?s={search_term_string}\"},\"query-input\":{\"@type\":\"PropertyValueSpecification\",\"valueRequired\":true,\"valueName\":\"search_term_string\"}}],\"inLanguage\":\"fr-FR\"},{\"@type\":\"Person\",\"@id\":\"https:\/\/www.boydensvn.com\/#\/schema\/person\/397c5fb0220de494f739b04000ac4793\",\"name\":\"Trinh Tran Thi Doan\",\"image\":{\"@type\":\"ImageObject\",\"inLanguage\":\"fr-FR\",\"@id\":\"https:\/\/www.boydensvn.com\/#\/schema\/person\/image\/\",\"url\":\"https:\/\/secure.gravatar.com\/avatar\/7061137405fde045649e164ec15e6e9880bef3e2965b9eed414ff32226d13a0d?s=96&d=mm&r=g\",\"contentUrl\":\"https:\/\/secure.gravatar.com\/avatar\/7061137405fde045649e164ec15e6e9880bef3e2965b9eed414ff32226d13a0d?s=96&d=mm&r=g\",\"caption\":\"Trinh Tran Thi Doan\"}}]}<\/script>\n<!-- \/ Yoast SEO plugin. -->","yoast_head_json":{"title":"Nouveau complexe de bureaux pour Duco \u00e0 Veurne - Boydens Engineering","robots":{"index":"index","follow":"follow","max-snippet":"max-snippet:-1","max-image-preview":"max-image-preview:large","max-video-preview":"max-video-preview:-1"},"canonical":"https:\/\/www.boydensvn.com\/fr\/nouveau-complexe-de-bureaux-pour-duco-veurne\/","og_locale":"fr_FR","og_type":"article","og_title":"Nouveau complexe de bureaux pour Duco \u00e0 Veurne - Boydens Engineering","og_description":"Apr\u00e8s l&#8217;ouverture d&#8217;un nouveau centre logistique et d&#8217;un nouvel atelier de rev\u00eatement en poudre enti\u00e8rement automatique, Vero Duco s&#8217;agrandit \u00e9galement avec un nouveau complexe de bureaux. Le parc de panneaux solaires a \u00e9t\u00e9 doubl\u00e9 et rend le site de 101.000 &hellip; Read more","og_url":"https:\/\/www.boydensvn.com\/fr\/nouveau-complexe-de-bureaux-pour-duco-veurne\/","og_site_name":"Boydens Engineering","article_published_time":"2020-02-07T09:49:22+00:00","og_image":[{"width":2013,"height":858,"url":"https:\/\/www.boydensvn.com\/wp-content\/uploads\/2020\/02\/Banner_Nieuwbouw_VeroDuco_26369903987474955661.jpg","type":"image\/jpeg"}],"author":"Trinh Tran Thi Doan","twitter_card":"summary_large_image","twitter_misc":{"\u00c9crit par":"Trinh Tran Thi Doan","Dur\u00e9e de lecture estim\u00e9e":"1 minute"},"schema":{"@context":"https:\/\/schema.org","@graph":[{"@type":"WebPage","@id":"https:\/\/www.boydensvn.com\/fr\/nouveau-complexe-de-bureaux-pour-duco-veurne\/","url":"https:\/\/www.boydensvn.com\/fr\/nouveau-complexe-de-bureaux-pour-duco-veurne\/","name":"Nouveau complexe de bureaux pour Duco \u00e0 Veurne - Boydens Engineering","isPartOf":{"@id":"https:\/\/www.boydensvn.com\/#website"},"primaryImageOfPage":{"@id":"https:\/\/www.boydensvn.com\/fr\/nouveau-complexe-de-bureaux-pour-duco-veurne\/#primaryimage"},"image":{"@id":"https:\/\/www.boydensvn.com\/fr\/nouveau-complexe-de-bureaux-pour-duco-veurne\/#primaryimage"},"thumbnailUrl":"https:\/\/www.boydensvn.com\/wp-content\/uploads\/2020\/02\/Banner_Nieuwbouw_VeroDuco_26369903987474955661.jpg","datePublished":"2020-02-07T09:49:22+00:00","author":{"@id":"https:\/\/www.boydensvn.com\/#\/schema\/person\/397c5fb0220de494f739b04000ac4793"},"breadcrumb":{"@id":"https:\/\/www.boydensvn.com\/fr\/nouveau-complexe-de-bureaux-pour-duco-veurne\/#breadcrumb"},"inLanguage":"fr-FR","potentialAction":[{"@type":"ReadAction","target":["https:\/\/www.boydensvn.com\/fr\/nouveau-complexe-de-bureaux-pour-duco-veurne\/"]}]},{"@type":"ImageObject","inLanguage":"fr-FR","@id":"https:\/\/www.boydensvn.com\/fr\/nouveau-complexe-de-bureaux-pour-duco-veurne\/#primaryimage","url":"https:\/\/www.boydensvn.com\/wp-content\/uploads\/2020\/02\/Banner_Nieuwbouw_VeroDuco_26369903987474955661.jpg","contentUrl":"https:\/\/www.boydensvn.com\/wp-content\/uploads\/2020\/02\/Banner_Nieuwbouw_VeroDuco_26369903987474955661.jpg","width":2013,"height":858},{"@type":"BreadcrumbList","@id":"https:\/\/www.boydensvn.com\/fr\/nouveau-complexe-de-bureaux-pour-duco-veurne\/#breadcrumb","itemListElement":[{"@type":"ListItem","position":1,"name":"Home","item":"https:\/\/www.boydensvn.com\/fr\/"},{"@type":"ListItem","position":2,"name":"Nouveau complexe de bureaux pour Duco \u00e0 Veurne"}]},{"@type":"WebSite","@id":"https:\/\/www.boydensvn.com\/#website","url":"https:\/\/www.boydensvn.com\/","name":"Boydens Engineering","description":"","potentialAction":[{"@type":"SearchAction","target":{"@type":"EntryPoint","urlTemplate":"https:\/\/www.boydensvn.com\/?s={search_term_string}"},"query-input":{"@type":"PropertyValueSpecification","valueRequired":true,"valueName":"search_term_string"}}],"inLanguage":"fr-FR"},{"@type":"Person","@id":"https:\/\/www.boydensvn.com\/#\/schema\/person\/397c5fb0220de494f739b04000ac4793","name":"Trinh Tran Thi Doan","image":{"@type":"ImageObject","inLanguage":"fr-FR","@id":"https:\/\/www.boydensvn.com\/#\/schema\/person\/image\/","url":"https:\/\/secure.gravatar.com\/avatar\/7061137405fde045649e164ec15e6e9880bef3e2965b9eed414ff32226d13a0d?s=96&d=mm&r=g","contentUrl":"https:\/\/secure.gravatar.com\/avatar\/7061137405fde045649e164ec15e6e9880bef3e2965b9eed414ff32226d13a0d?s=96&d=mm&r=g","caption":"Trinh Tran Thi Doan"}}]}},"_links":{"self":[{"href":"https:\/\/www.boydensvn.com\/fr\/wp-json\/wp\/v2\/posts\/7866","targetHints":{"allow":["GET"]}}],"collection":[{"href":"https:\/\/www.boydensvn.com\/fr\/wp-json\/wp\/v2\/posts"}],"about":[{"href":"https:\/\/www.boydensvn.com\/fr\/wp-json\/wp\/v2\/types\/post"}],"author":[{"embeddable":true,"href":"https:\/\/www.boydensvn.com\/fr\/wp-json\/wp\/v2\/users\/27"}],"replies":[{"embeddable":true,"href":"https:\/\/www.boydensvn.com\/fr\/wp-json\/wp\/v2\/comments?post=7866"}],"version-history":[{"count":1,"href":"https:\/\/www.boydensvn.com\/fr\/wp-json\/wp\/v2\/posts\/7866\/revisions"}],"predecessor-version":[{"id":7867,"href":"https:\/\/www.boydensvn.com\/fr\/wp-json\/wp\/v2\/posts\/7866\/revisions\/7867"}],"wp:featuredmedia":[{"embeddable":true,"href":"https:\/\/www.boydensvn.com\/fr\/wp-json\/wp\/v2\/media\/7860"}],"wp:attachment":[{"href":"https:\/\/www.boydensvn.com\/fr\/wp-json\/wp\/v2\/media?parent=7866"}],"wp:term":[{"taxonomy":"category","embeddable":true,"href":"https:\/\/www.boydensvn.com\/fr\/wp-json\/wp\/v2\/categories?post=7866"},{"taxonomy":"post_tag","embeddable":true,"href":"https:\/\/www.boydensvn.com\/fr\/wp-json\/wp\/v2\/tags?post=7866"}],"curies":[{"name":"wp","href":"https:\/\/api.w.org\/{rel}","templated":true}]}}