{"id":7599,"date":"2020-01-09T15:31:29","date_gmt":"2020-01-09T08:31:29","guid":{"rendered":"http:\/\/www.boydensvn.com\/?p=7599"},"modified":"2020-01-09T15:34:27","modified_gmt":"2020-01-09T08:34:27","slug":"la-renovation-de-la-cour-provinciale-de-bruges-debutera-prochainement","status":"publish","type":"post","link":"https:\/\/www.boydensvn.com\/fr\/la-renovation-de-la-cour-provinciale-de-bruges-debutera-prochainement\/","title":{"rendered":"La r\u00e9novation de la Cour Provinciale de Bruges d\u00e9butera prochainement"},"content":{"rendered":"<p>Les travaux de restauration et de r\u00e9novation de la Cour Provinciale de Bruges d\u00e9buteront prochainement. <span class=\"tlid-translation translation\" lang=\"fr\"><span class=\"\" title=\"\">Le b\u00e2timent embl\u00e9matique du &#8220;Markt&#8221; date de 1892, mais sera de nouveau \u00e0 l&#8217;\u00e9preuve du futur pendant au moins 100 ans apr\u00e8s les travaux.<\/span><\/span> Il abritera le nouveau point d&#8217;information touristique et servira de lieu de r\u00e9union et de conf\u00e9rence. Parall\u00e8lement \u00e0 la construction du nouveau b\u00e2timent des congr\u00e8s sur la &#8216;Beursplein&#8217; et \u00e0 l&#8217;extension du parking &#8216;t Zand, Bruges est non seulement reconnue comme <span class=\"tlid-translation translation\" lang=\"fr\"><span class=\"\" title=\"\">attraction touristique<\/span><\/span>, mais aussi pour les entreprises. La toiture et la fa\u00e7ade seront r\u00e9nov\u00e9es dans une premi\u00e8re phase. Les techniques seront fournies ult\u00e9rieurement et consisteront en:<\/p>\n<ul>\n<li>l&#8217;installation et la r\u00e9novation de diff\u00e9rents ascenseurs<\/li>\n<li><span class=\"tlid-translation translation\" lang=\"fr\"><span class=\"\" title=\"\">r\u00e9novation de l&#8217;installation de chauffage avec int\u00e9gration du plancher chauffant basse temp\u00e9rature<\/span><\/span><\/li>\n<li>r\u00e9\u00e9clairage des lustres historiques avec \u00e9clairage LED<\/li>\n<li>tout nouveau syst\u00e8me de protection contre les incendies et \u00e9clairage de secours<\/li>\n<li>int\u00e9gration dans la construction de toilettes publique<\/li>\n<\/ul>\n<p><span class=\"tlid-translation translation\" lang=\"fr\"><span class=\"\" title=\"\">Plus d&#8217;informations et d&#8217;images dans le reportage ci-dessous par Focus Wtv (n\u00e9erlandais uniquement): <\/span><\/span><\/p>\n<p><a href=\"https:\/\/www.focus-wtv.be\/nieuws\/restauratie-provinciaal-hof-brugge-start-volgend-jaar\"><span class=\"tlid-translation translation\" lang=\"fr\"><span class=\"\" title=\"\">https:\/\/www.focus-wtv.be\/nieuws\/restauratie-provinciaal-hof-brugge-start-volgend-jaar<\/span><\/span><\/a><\/p>\n","protected":false},"excerpt":{"rendered":"<p>Les travaux de restauration et de r\u00e9novation de la Cour Provinciale de Bruges d\u00e9buteront prochainement. Le b\u00e2timent embl\u00e9matique du &#8220;Markt&#8221; date de 1892, mais sera de nouveau \u00e0 l&#8217;\u00e9preuve du futur pendant au moins 100 ans apr\u00e8s les travaux. Il &hellip; <a href=\"https:\/\/www.boydensvn.com\/fr\/la-renovation-de-la-cour-provinciale-de-bruges-debutera-prochainement\/\">Read more<\/a><\/p>\n","protected":false},"author":27,"featured_media":7589,"comment_status":"open","ping_status":"open","sticky":false,"template":"","format":"standard","meta":{"_acf_changed":false,"inline_featured_image":false,"footnotes":""},"categories":[19],"tags":[],"class_list":["post-7599","post","type-post","status-publish","format-standard","has-post-thumbnail","hentry","category-non-classifiee"],"acf":[],"yoast_head":"<!-- This site is optimized with the Yoast SEO plugin v26.2 - https:\/\/yoast.com\/wordpress\/plugins\/seo\/ -->\n<title>La r\u00e9novation de la Cour Provinciale de Bruges d\u00e9butera prochainement - Boydens Engineering<\/title>\n<meta name=\"robots\" content=\"index, follow, max-snippet:-1, max-image-preview:large, max-video-preview:-1\" \/>\n<link rel=\"canonical\" href=\"https:\/\/www.boydensvn.com\/fr\/la-renovation-de-la-cour-provinciale-de-bruges-debutera-prochainement\/\" \/>\n<meta property=\"og:locale\" content=\"fr_FR\" \/>\n<meta property=\"og:type\" content=\"article\" \/>\n<meta property=\"og:title\" content=\"La r\u00e9novation de la Cour Provinciale de Bruges d\u00e9butera prochainement - Boydens Engineering\" \/>\n<meta property=\"og:description\" content=\"Les travaux de restauration et de r\u00e9novation de la Cour Provinciale de Bruges d\u00e9buteront prochainement. Le b\u00e2timent embl\u00e9matique du &#8220;Markt&#8221; date de 1892, mais sera de nouveau \u00e0 l&#8217;\u00e9preuve du futur pendant au moins 100 ans apr\u00e8s les travaux. Il &hellip; Read more\" \/>\n<meta property=\"og:url\" content=\"https:\/\/www.boydensvn.com\/fr\/la-renovation-de-la-cour-provinciale-de-bruges-debutera-prochainement\/\" \/>\n<meta property=\"og:site_name\" content=\"Boydens Engineering\" \/>\n<meta property=\"article:published_time\" content=\"2020-01-09T08:31:29+00:00\" \/>\n<meta property=\"article:modified_time\" content=\"2020-01-09T08:34:27+00:00\" \/>\n<meta property=\"og:image\" content=\"https:\/\/www.boydensvn.com\/wp-content\/uploads\/2020\/01\/181-119-Provinciaal-Hof-Brugge.jpg\" \/>\n\t<meta property=\"og:image:width\" content=\"1088\" \/>\n\t<meta property=\"og:image:height\" content=\"816\" \/>\n\t<meta property=\"og:image:type\" content=\"image\/jpeg\" \/>\n<meta name=\"author\" content=\"Trinh Tran Thi Doan\" \/>\n<meta name=\"twitter:card\" content=\"summary_large_image\" \/>\n<meta name=\"twitter:label1\" content=\"\u00c9crit par\" \/>\n\t<meta name=\"twitter:data1\" content=\"Trinh Tran Thi Doan\" \/>\n\t<meta name=\"twitter:label2\" content=\"Dur\u00e9e de lecture estim\u00e9e\" \/>\n\t<meta name=\"twitter:data2\" content=\"1 minute\" \/>\n<script type=\"application\/ld+json\" class=\"yoast-schema-graph\">{\"@context\":\"https:\/\/schema.org\",\"@graph\":[{\"@type\":\"WebPage\",\"@id\":\"https:\/\/www.boydensvn.com\/fr\/la-renovation-de-la-cour-provinciale-de-bruges-debutera-prochainement\/\",\"url\":\"https:\/\/www.boydensvn.com\/fr\/la-renovation-de-la-cour-provinciale-de-bruges-debutera-prochainement\/\",\"name\":\"La r\u00e9novation de la Cour Provinciale de Bruges d\u00e9butera prochainement - Boydens Engineering\",\"isPartOf\":{\"@id\":\"https:\/\/www.boydensvn.com\/#website\"},\"primaryImageOfPage\":{\"@id\":\"https:\/\/www.boydensvn.com\/fr\/la-renovation-de-la-cour-provinciale-de-bruges-debutera-prochainement\/#primaryimage\"},\"image\":{\"@id\":\"https:\/\/www.boydensvn.com\/fr\/la-renovation-de-la-cour-provinciale-de-bruges-debutera-prochainement\/#primaryimage\"},\"thumbnailUrl\":\"https:\/\/www.boydensvn.com\/wp-content\/uploads\/2020\/01\/181-119-Provinciaal-Hof-Brugge.jpg\",\"datePublished\":\"2020-01-09T08:31:29+00:00\",\"dateModified\":\"2020-01-09T08:34:27+00:00\",\"author\":{\"@id\":\"https:\/\/www.boydensvn.com\/#\/schema\/person\/397c5fb0220de494f739b04000ac4793\"},\"breadcrumb\":{\"@id\":\"https:\/\/www.boydensvn.com\/fr\/la-renovation-de-la-cour-provinciale-de-bruges-debutera-prochainement\/#breadcrumb\"},\"inLanguage\":\"fr-FR\",\"potentialAction\":[{\"@type\":\"ReadAction\",\"target\":[\"https:\/\/www.boydensvn.com\/fr\/la-renovation-de-la-cour-provinciale-de-bruges-debutera-prochainement\/\"]}]},{\"@type\":\"ImageObject\",\"inLanguage\":\"fr-FR\",\"@id\":\"https:\/\/www.boydensvn.com\/fr\/la-renovation-de-la-cour-provinciale-de-bruges-debutera-prochainement\/#primaryimage\",\"url\":\"https:\/\/www.boydensvn.com\/wp-content\/uploads\/2020\/01\/181-119-Provinciaal-Hof-Brugge.jpg\",\"contentUrl\":\"https:\/\/www.boydensvn.com\/wp-content\/uploads\/2020\/01\/181-119-Provinciaal-Hof-Brugge.jpg\",\"width\":1088,\"height\":816},{\"@type\":\"BreadcrumbList\",\"@id\":\"https:\/\/www.boydensvn.com\/fr\/la-renovation-de-la-cour-provinciale-de-bruges-debutera-prochainement\/#breadcrumb\",\"itemListElement\":[{\"@type\":\"ListItem\",\"position\":1,\"name\":\"Home\",\"item\":\"https:\/\/www.boydensvn.com\/fr\/\"},{\"@type\":\"ListItem\",\"position\":2,\"name\":\"La r\u00e9novation de la Cour Provinciale de Bruges d\u00e9butera prochainement\"}]},{\"@type\":\"WebSite\",\"@id\":\"https:\/\/www.boydensvn.com\/#website\",\"url\":\"https:\/\/www.boydensvn.com\/\",\"name\":\"Boydens Engineering\",\"description\":\"\",\"potentialAction\":[{\"@type\":\"SearchAction\",\"target\":{\"@type\":\"EntryPoint\",\"urlTemplate\":\"https:\/\/www.boydensvn.com\/?s={search_term_string}\"},\"query-input\":{\"@type\":\"PropertyValueSpecification\",\"valueRequired\":true,\"valueName\":\"search_term_string\"}}],\"inLanguage\":\"fr-FR\"},{\"@type\":\"Person\",\"@id\":\"https:\/\/www.boydensvn.com\/#\/schema\/person\/397c5fb0220de494f739b04000ac4793\",\"name\":\"Trinh Tran Thi Doan\",\"image\":{\"@type\":\"ImageObject\",\"inLanguage\":\"fr-FR\",\"@id\":\"https:\/\/www.boydensvn.com\/#\/schema\/person\/image\/\",\"url\":\"https:\/\/secure.gravatar.com\/avatar\/7061137405fde045649e164ec15e6e9880bef3e2965b9eed414ff32226d13a0d?s=96&d=mm&r=g\",\"contentUrl\":\"https:\/\/secure.gravatar.com\/avatar\/7061137405fde045649e164ec15e6e9880bef3e2965b9eed414ff32226d13a0d?s=96&d=mm&r=g\",\"caption\":\"Trinh Tran Thi Doan\"}}]}<\/script>\n<!-- \/ Yoast SEO plugin. -->","yoast_head_json":{"title":"La r\u00e9novation de la Cour Provinciale de Bruges d\u00e9butera prochainement - Boydens Engineering","robots":{"index":"index","follow":"follow","max-snippet":"max-snippet:-1","max-image-preview":"max-image-preview:large","max-video-preview":"max-video-preview:-1"},"canonical":"https:\/\/www.boydensvn.com\/fr\/la-renovation-de-la-cour-provinciale-de-bruges-debutera-prochainement\/","og_locale":"fr_FR","og_type":"article","og_title":"La r\u00e9novation de la Cour Provinciale de Bruges d\u00e9butera prochainement - Boydens Engineering","og_description":"Les travaux de restauration et de r\u00e9novation de la Cour Provinciale de Bruges d\u00e9buteront prochainement. Le b\u00e2timent embl\u00e9matique du &#8220;Markt&#8221; date de 1892, mais sera de nouveau \u00e0 l&#8217;\u00e9preuve du futur pendant au moins 100 ans apr\u00e8s les travaux. Il &hellip; Read more","og_url":"https:\/\/www.boydensvn.com\/fr\/la-renovation-de-la-cour-provinciale-de-bruges-debutera-prochainement\/","og_site_name":"Boydens Engineering","article_published_time":"2020-01-09T08:31:29+00:00","article_modified_time":"2020-01-09T08:34:27+00:00","og_image":[{"width":1088,"height":816,"url":"https:\/\/www.boydensvn.com\/wp-content\/uploads\/2020\/01\/181-119-Provinciaal-Hof-Brugge.jpg","type":"image\/jpeg"}],"author":"Trinh Tran Thi Doan","twitter_card":"summary_large_image","twitter_misc":{"\u00c9crit par":"Trinh Tran Thi Doan","Dur\u00e9e de lecture estim\u00e9e":"1 minute"},"schema":{"@context":"https:\/\/schema.org","@graph":[{"@type":"WebPage","@id":"https:\/\/www.boydensvn.com\/fr\/la-renovation-de-la-cour-provinciale-de-bruges-debutera-prochainement\/","url":"https:\/\/www.boydensvn.com\/fr\/la-renovation-de-la-cour-provinciale-de-bruges-debutera-prochainement\/","name":"La r\u00e9novation de la Cour Provinciale de Bruges d\u00e9butera prochainement - Boydens Engineering","isPartOf":{"@id":"https:\/\/www.boydensvn.com\/#website"},"primaryImageOfPage":{"@id":"https:\/\/www.boydensvn.com\/fr\/la-renovation-de-la-cour-provinciale-de-bruges-debutera-prochainement\/#primaryimage"},"image":{"@id":"https:\/\/www.boydensvn.com\/fr\/la-renovation-de-la-cour-provinciale-de-bruges-debutera-prochainement\/#primaryimage"},"thumbnailUrl":"https:\/\/www.boydensvn.com\/wp-content\/uploads\/2020\/01\/181-119-Provinciaal-Hof-Brugge.jpg","datePublished":"2020-01-09T08:31:29+00:00","dateModified":"2020-01-09T08:34:27+00:00","author":{"@id":"https:\/\/www.boydensvn.com\/#\/schema\/person\/397c5fb0220de494f739b04000ac4793"},"breadcrumb":{"@id":"https:\/\/www.boydensvn.com\/fr\/la-renovation-de-la-cour-provinciale-de-bruges-debutera-prochainement\/#breadcrumb"},"inLanguage":"fr-FR","potentialAction":[{"@type":"ReadAction","target":["https:\/\/www.boydensvn.com\/fr\/la-renovation-de-la-cour-provinciale-de-bruges-debutera-prochainement\/"]}]},{"@type":"ImageObject","inLanguage":"fr-FR","@id":"https:\/\/www.boydensvn.com\/fr\/la-renovation-de-la-cour-provinciale-de-bruges-debutera-prochainement\/#primaryimage","url":"https:\/\/www.boydensvn.com\/wp-content\/uploads\/2020\/01\/181-119-Provinciaal-Hof-Brugge.jpg","contentUrl":"https:\/\/www.boydensvn.com\/wp-content\/uploads\/2020\/01\/181-119-Provinciaal-Hof-Brugge.jpg","width":1088,"height":816},{"@type":"BreadcrumbList","@id":"https:\/\/www.boydensvn.com\/fr\/la-renovation-de-la-cour-provinciale-de-bruges-debutera-prochainement\/#breadcrumb","itemListElement":[{"@type":"ListItem","position":1,"name":"Home","item":"https:\/\/www.boydensvn.com\/fr\/"},{"@type":"ListItem","position":2,"name":"La r\u00e9novation de la Cour Provinciale de Bruges d\u00e9butera prochainement"}]},{"@type":"WebSite","@id":"https:\/\/www.boydensvn.com\/#website","url":"https:\/\/www.boydensvn.com\/","name":"Boydens Engineering","description":"","potentialAction":[{"@type":"SearchAction","target":{"@type":"EntryPoint","urlTemplate":"https:\/\/www.boydensvn.com\/?s={search_term_string}"},"query-input":{"@type":"PropertyValueSpecification","valueRequired":true,"valueName":"search_term_string"}}],"inLanguage":"fr-FR"},{"@type":"Person","@id":"https:\/\/www.boydensvn.com\/#\/schema\/person\/397c5fb0220de494f739b04000ac4793","name":"Trinh Tran Thi Doan","image":{"@type":"ImageObject","inLanguage":"fr-FR","@id":"https:\/\/www.boydensvn.com\/#\/schema\/person\/image\/","url":"https:\/\/secure.gravatar.com\/avatar\/7061137405fde045649e164ec15e6e9880bef3e2965b9eed414ff32226d13a0d?s=96&d=mm&r=g","contentUrl":"https:\/\/secure.gravatar.com\/avatar\/7061137405fde045649e164ec15e6e9880bef3e2965b9eed414ff32226d13a0d?s=96&d=mm&r=g","caption":"Trinh Tran Thi Doan"}}]}},"_links":{"self":[{"href":"https:\/\/www.boydensvn.com\/fr\/wp-json\/wp\/v2\/posts\/7599","targetHints":{"allow":["GET"]}}],"collection":[{"href":"https:\/\/www.boydensvn.com\/fr\/wp-json\/wp\/v2\/posts"}],"about":[{"href":"https:\/\/www.boydensvn.com\/fr\/wp-json\/wp\/v2\/types\/post"}],"author":[{"embeddable":true,"href":"https:\/\/www.boydensvn.com\/fr\/wp-json\/wp\/v2\/users\/27"}],"replies":[{"embeddable":true,"href":"https:\/\/www.boydensvn.com\/fr\/wp-json\/wp\/v2\/comments?post=7599"}],"version-history":[{"count":4,"href":"https:\/\/www.boydensvn.com\/fr\/wp-json\/wp\/v2\/posts\/7599\/revisions"}],"predecessor-version":[{"id":7603,"href":"https:\/\/www.boydensvn.com\/fr\/wp-json\/wp\/v2\/posts\/7599\/revisions\/7603"}],"wp:featuredmedia":[{"embeddable":true,"href":"https:\/\/www.boydensvn.com\/fr\/wp-json\/wp\/v2\/media\/7589"}],"wp:attachment":[{"href":"https:\/\/www.boydensvn.com\/fr\/wp-json\/wp\/v2\/media?parent=7599"}],"wp:term":[{"taxonomy":"category","embeddable":true,"href":"https:\/\/www.boydensvn.com\/fr\/wp-json\/wp\/v2\/categories?post=7599"},{"taxonomy":"post_tag","embeddable":true,"href":"https:\/\/www.boydensvn.com\/fr\/wp-json\/wp\/v2\/tags?post=7599"}],"curies":[{"name":"wp","href":"https:\/\/api.w.org\/{rel}","templated":true}]}}