{"id":5955,"date":"2019-09-13T21:33:07","date_gmt":"2019-09-13T14:33:07","guid":{"rendered":"http:\/\/www.boydensvn.com\/?p=5955"},"modified":"2019-09-13T21:33:07","modified_gmt":"2019-09-13T14:33:07","slug":"dirk-boydens-en-jury-prix-jo-crepain-2019","status":"publish","type":"post","link":"https:\/\/www.boydensvn.com\/fr\/dirk-boydens-en-jury-prix-jo-crepain-2019\/","title":{"rendered":"Dirk Boydens en jury Prix Jo Crepain 2019"},"content":{"rendered":"<p>Le prix Jo Crepain est une initiative de NAV (Netwerk Architecten Vlaanderen &#8211; Network Architects Flanders), dans le but d&#8217;encourager les architectes \u00e0 devenir des chefs de file dans les domaines de l&#8217;architecture, de la gestion d&#8217;entreprise et des engagements sociaux. Le prix biennal a \u00e9t\u00e9 remport\u00e9 le 6 juin 2019 par Stramien.<br \/>\nLe prix est double en ce sens que l&#8217;innovation est toujours ancr\u00e9e dans l&#8217;ADN de Stramien, par exemple dans le domaine des \u00e9quipes de construction, de nouvelles formes de logement, des travaux d&#8217;\u00e9tude sur le toit du ring d&#8217;Anvers, &#8230; Cet ADN est transmis de mani\u00e8re organique par la participation bien pr\u00e9par\u00e9e de nouvelles g\u00e9n\u00e9rations de partenaires. En outre, ils ont d\u00e9montr\u00e9 leur engagement envers leur secteur en transf\u00e9rant les connaissances \u00e0 leurs coll\u00e8gues ou en prenant des positions repr\u00e9sentatives.<\/p>\n<p>F\u00e9licitations \u00e0 tous les participants!<\/p>\n","protected":false},"excerpt":{"rendered":"<p>Le prix Jo Crepain est une initiative de NAV (Netwerk Architecten Vlaanderen &#8211; Network Architects Flanders), dans le but d&#8217;encourager les architectes \u00e0 devenir des chefs de file dans les domaines de l&#8217;architecture, de la gestion d&#8217;entreprise et des engagements &hellip; <a href=\"https:\/\/www.boydensvn.com\/fr\/dirk-boydens-en-jury-prix-jo-crepain-2019\/\">Read more<\/a><\/p>\n","protected":false},"author":27,"featured_media":5880,"comment_status":"open","ping_status":"open","sticky":false,"template":"","format":"standard","meta":{"_acf_changed":false,"inline_featured_image":false,"footnotes":""},"categories":[19],"tags":[],"class_list":["post-5955","post","type-post","status-publish","format-standard","has-post-thumbnail","hentry","category-non-classifiee"],"acf":[],"yoast_head":"<!-- This site is optimized with the Yoast SEO plugin v26.2 - https:\/\/yoast.com\/wordpress\/plugins\/seo\/ -->\n<title>Dirk Boydens en jury Prix Jo Crepain 2019 - Boydens Engineering<\/title>\n<meta name=\"robots\" content=\"index, follow, max-snippet:-1, max-image-preview:large, max-video-preview:-1\" \/>\n<link rel=\"canonical\" href=\"https:\/\/www.boydensvn.com\/fr\/dirk-boydens-en-jury-prix-jo-crepain-2019\/\" \/>\n<meta property=\"og:locale\" content=\"fr_FR\" \/>\n<meta property=\"og:type\" content=\"article\" \/>\n<meta property=\"og:title\" content=\"Dirk Boydens en jury Prix Jo Crepain 2019 - Boydens Engineering\" \/>\n<meta property=\"og:description\" content=\"Le prix Jo Crepain est une initiative de NAV (Netwerk Architecten Vlaanderen &#8211; Network Architects Flanders), dans le but d&#8217;encourager les architectes \u00e0 devenir des chefs de file dans les domaines de l&#8217;architecture, de la gestion d&#8217;entreprise et des engagements &hellip; Read more\" \/>\n<meta property=\"og:url\" content=\"https:\/\/www.boydensvn.com\/fr\/dirk-boydens-en-jury-prix-jo-crepain-2019\/\" \/>\n<meta property=\"og:site_name\" content=\"Boydens Engineering\" \/>\n<meta property=\"article:published_time\" content=\"2019-09-13T14:33:07+00:00\" \/>\n<meta property=\"og:image\" content=\"https:\/\/www.boydensvn.com\/wp-content\/uploads\/2019\/09\/48041887386_790be9d934_oweb.jpg\" \/>\n\t<meta property=\"og:image:width\" content=\"4797\" \/>\n\t<meta property=\"og:image:height\" content=\"3198\" \/>\n\t<meta property=\"og:image:type\" content=\"image\/jpeg\" \/>\n<meta name=\"author\" content=\"Trinh Tran Thi Doan\" \/>\n<meta name=\"twitter:card\" content=\"summary_large_image\" \/>\n<meta name=\"twitter:label1\" content=\"\u00c9crit par\" \/>\n\t<meta name=\"twitter:data1\" content=\"Trinh Tran Thi Doan\" \/>\n\t<meta name=\"twitter:label2\" content=\"Dur\u00e9e de lecture estim\u00e9e\" \/>\n\t<meta name=\"twitter:data2\" content=\"1 minute\" \/>\n<script type=\"application\/ld+json\" class=\"yoast-schema-graph\">{\"@context\":\"https:\/\/schema.org\",\"@graph\":[{\"@type\":\"WebPage\",\"@id\":\"https:\/\/www.boydensvn.com\/fr\/dirk-boydens-en-jury-prix-jo-crepain-2019\/\",\"url\":\"https:\/\/www.boydensvn.com\/fr\/dirk-boydens-en-jury-prix-jo-crepain-2019\/\",\"name\":\"Dirk Boydens en jury Prix Jo Crepain 2019 - Boydens Engineering\",\"isPartOf\":{\"@id\":\"https:\/\/www.boydensvn.com\/#website\"},\"primaryImageOfPage\":{\"@id\":\"https:\/\/www.boydensvn.com\/fr\/dirk-boydens-en-jury-prix-jo-crepain-2019\/#primaryimage\"},\"image\":{\"@id\":\"https:\/\/www.boydensvn.com\/fr\/dirk-boydens-en-jury-prix-jo-crepain-2019\/#primaryimage\"},\"thumbnailUrl\":\"https:\/\/www.boydensvn.com\/wp-content\/uploads\/2019\/09\/48041887386_790be9d934_oweb.jpg\",\"datePublished\":\"2019-09-13T14:33:07+00:00\",\"author\":{\"@id\":\"https:\/\/www.boydensvn.com\/#\/schema\/person\/397c5fb0220de494f739b04000ac4793\"},\"breadcrumb\":{\"@id\":\"https:\/\/www.boydensvn.com\/fr\/dirk-boydens-en-jury-prix-jo-crepain-2019\/#breadcrumb\"},\"inLanguage\":\"fr-FR\",\"potentialAction\":[{\"@type\":\"ReadAction\",\"target\":[\"https:\/\/www.boydensvn.com\/fr\/dirk-boydens-en-jury-prix-jo-crepain-2019\/\"]}]},{\"@type\":\"ImageObject\",\"inLanguage\":\"fr-FR\",\"@id\":\"https:\/\/www.boydensvn.com\/fr\/dirk-boydens-en-jury-prix-jo-crepain-2019\/#primaryimage\",\"url\":\"https:\/\/www.boydensvn.com\/wp-content\/uploads\/2019\/09\/48041887386_790be9d934_oweb.jpg\",\"contentUrl\":\"https:\/\/www.boydensvn.com\/wp-content\/uploads\/2019\/09\/48041887386_790be9d934_oweb.jpg\",\"width\":4797,\"height\":3198,\"caption\":\"Oudenaarde - Belgium - wielrennen - cycling - cyclisme - radsport - pictured during the Ronde van Vlaanderen 2019 - Tour des Flandres (1.UWT) a one day race for elite from Antwerpen to Oudenaarde - photo Tim van Wichelen\/Cor Vos ?? 2019\"},{\"@type\":\"BreadcrumbList\",\"@id\":\"https:\/\/www.boydensvn.com\/fr\/dirk-boydens-en-jury-prix-jo-crepain-2019\/#breadcrumb\",\"itemListElement\":[{\"@type\":\"ListItem\",\"position\":1,\"name\":\"Home\",\"item\":\"https:\/\/www.boydensvn.com\/fr\/\"},{\"@type\":\"ListItem\",\"position\":2,\"name\":\"Dirk Boydens en jury Prix Jo Crepain 2019\"}]},{\"@type\":\"WebSite\",\"@id\":\"https:\/\/www.boydensvn.com\/#website\",\"url\":\"https:\/\/www.boydensvn.com\/\",\"name\":\"Boydens Engineering\",\"description\":\"\",\"potentialAction\":[{\"@type\":\"SearchAction\",\"target\":{\"@type\":\"EntryPoint\",\"urlTemplate\":\"https:\/\/www.boydensvn.com\/?s={search_term_string}\"},\"query-input\":{\"@type\":\"PropertyValueSpecification\",\"valueRequired\":true,\"valueName\":\"search_term_string\"}}],\"inLanguage\":\"fr-FR\"},{\"@type\":\"Person\",\"@id\":\"https:\/\/www.boydensvn.com\/#\/schema\/person\/397c5fb0220de494f739b04000ac4793\",\"name\":\"Trinh Tran Thi Doan\",\"image\":{\"@type\":\"ImageObject\",\"inLanguage\":\"fr-FR\",\"@id\":\"https:\/\/www.boydensvn.com\/#\/schema\/person\/image\/\",\"url\":\"https:\/\/secure.gravatar.com\/avatar\/7061137405fde045649e164ec15e6e9880bef3e2965b9eed414ff32226d13a0d?s=96&d=mm&r=g\",\"contentUrl\":\"https:\/\/secure.gravatar.com\/avatar\/7061137405fde045649e164ec15e6e9880bef3e2965b9eed414ff32226d13a0d?s=96&d=mm&r=g\",\"caption\":\"Trinh Tran Thi Doan\"}}]}<\/script>\n<!-- \/ Yoast SEO plugin. -->","yoast_head_json":{"title":"Dirk Boydens en jury Prix Jo Crepain 2019 - Boydens Engineering","robots":{"index":"index","follow":"follow","max-snippet":"max-snippet:-1","max-image-preview":"max-image-preview:large","max-video-preview":"max-video-preview:-1"},"canonical":"https:\/\/www.boydensvn.com\/fr\/dirk-boydens-en-jury-prix-jo-crepain-2019\/","og_locale":"fr_FR","og_type":"article","og_title":"Dirk Boydens en jury Prix Jo Crepain 2019 - Boydens Engineering","og_description":"Le prix Jo Crepain est une initiative de NAV (Netwerk Architecten Vlaanderen &#8211; Network Architects Flanders), dans le but d&#8217;encourager les architectes \u00e0 devenir des chefs de file dans les domaines de l&#8217;architecture, de la gestion d&#8217;entreprise et des engagements &hellip; Read more","og_url":"https:\/\/www.boydensvn.com\/fr\/dirk-boydens-en-jury-prix-jo-crepain-2019\/","og_site_name":"Boydens Engineering","article_published_time":"2019-09-13T14:33:07+00:00","og_image":[{"width":4797,"height":3198,"url":"https:\/\/www.boydensvn.com\/wp-content\/uploads\/2019\/09\/48041887386_790be9d934_oweb.jpg","type":"image\/jpeg"}],"author":"Trinh Tran Thi Doan","twitter_card":"summary_large_image","twitter_misc":{"\u00c9crit par":"Trinh Tran Thi Doan","Dur\u00e9e de lecture estim\u00e9e":"1 minute"},"schema":{"@context":"https:\/\/schema.org","@graph":[{"@type":"WebPage","@id":"https:\/\/www.boydensvn.com\/fr\/dirk-boydens-en-jury-prix-jo-crepain-2019\/","url":"https:\/\/www.boydensvn.com\/fr\/dirk-boydens-en-jury-prix-jo-crepain-2019\/","name":"Dirk Boydens en jury Prix Jo Crepain 2019 - Boydens Engineering","isPartOf":{"@id":"https:\/\/www.boydensvn.com\/#website"},"primaryImageOfPage":{"@id":"https:\/\/www.boydensvn.com\/fr\/dirk-boydens-en-jury-prix-jo-crepain-2019\/#primaryimage"},"image":{"@id":"https:\/\/www.boydensvn.com\/fr\/dirk-boydens-en-jury-prix-jo-crepain-2019\/#primaryimage"},"thumbnailUrl":"https:\/\/www.boydensvn.com\/wp-content\/uploads\/2019\/09\/48041887386_790be9d934_oweb.jpg","datePublished":"2019-09-13T14:33:07+00:00","author":{"@id":"https:\/\/www.boydensvn.com\/#\/schema\/person\/397c5fb0220de494f739b04000ac4793"},"breadcrumb":{"@id":"https:\/\/www.boydensvn.com\/fr\/dirk-boydens-en-jury-prix-jo-crepain-2019\/#breadcrumb"},"inLanguage":"fr-FR","potentialAction":[{"@type":"ReadAction","target":["https:\/\/www.boydensvn.com\/fr\/dirk-boydens-en-jury-prix-jo-crepain-2019\/"]}]},{"@type":"ImageObject","inLanguage":"fr-FR","@id":"https:\/\/www.boydensvn.com\/fr\/dirk-boydens-en-jury-prix-jo-crepain-2019\/#primaryimage","url":"https:\/\/www.boydensvn.com\/wp-content\/uploads\/2019\/09\/48041887386_790be9d934_oweb.jpg","contentUrl":"https:\/\/www.boydensvn.com\/wp-content\/uploads\/2019\/09\/48041887386_790be9d934_oweb.jpg","width":4797,"height":3198,"caption":"Oudenaarde - Belgium - wielrennen - cycling - cyclisme - radsport - pictured during the Ronde van Vlaanderen 2019 - Tour des Flandres (1.UWT) a one day race for elite from Antwerpen to Oudenaarde - photo Tim van Wichelen\/Cor Vos ?? 2019"},{"@type":"BreadcrumbList","@id":"https:\/\/www.boydensvn.com\/fr\/dirk-boydens-en-jury-prix-jo-crepain-2019\/#breadcrumb","itemListElement":[{"@type":"ListItem","position":1,"name":"Home","item":"https:\/\/www.boydensvn.com\/fr\/"},{"@type":"ListItem","position":2,"name":"Dirk Boydens en jury Prix Jo Crepain 2019"}]},{"@type":"WebSite","@id":"https:\/\/www.boydensvn.com\/#website","url":"https:\/\/www.boydensvn.com\/","name":"Boydens Engineering","description":"","potentialAction":[{"@type":"SearchAction","target":{"@type":"EntryPoint","urlTemplate":"https:\/\/www.boydensvn.com\/?s={search_term_string}"},"query-input":{"@type":"PropertyValueSpecification","valueRequired":true,"valueName":"search_term_string"}}],"inLanguage":"fr-FR"},{"@type":"Person","@id":"https:\/\/www.boydensvn.com\/#\/schema\/person\/397c5fb0220de494f739b04000ac4793","name":"Trinh Tran Thi Doan","image":{"@type":"ImageObject","inLanguage":"fr-FR","@id":"https:\/\/www.boydensvn.com\/#\/schema\/person\/image\/","url":"https:\/\/secure.gravatar.com\/avatar\/7061137405fde045649e164ec15e6e9880bef3e2965b9eed414ff32226d13a0d?s=96&d=mm&r=g","contentUrl":"https:\/\/secure.gravatar.com\/avatar\/7061137405fde045649e164ec15e6e9880bef3e2965b9eed414ff32226d13a0d?s=96&d=mm&r=g","caption":"Trinh Tran Thi Doan"}}]}},"_links":{"self":[{"href":"https:\/\/www.boydensvn.com\/fr\/wp-json\/wp\/v2\/posts\/5955","targetHints":{"allow":["GET"]}}],"collection":[{"href":"https:\/\/www.boydensvn.com\/fr\/wp-json\/wp\/v2\/posts"}],"about":[{"href":"https:\/\/www.boydensvn.com\/fr\/wp-json\/wp\/v2\/types\/post"}],"author":[{"embeddable":true,"href":"https:\/\/www.boydensvn.com\/fr\/wp-json\/wp\/v2\/users\/27"}],"replies":[{"embeddable":true,"href":"https:\/\/www.boydensvn.com\/fr\/wp-json\/wp\/v2\/comments?post=5955"}],"version-history":[{"count":1,"href":"https:\/\/www.boydensvn.com\/fr\/wp-json\/wp\/v2\/posts\/5955\/revisions"}],"predecessor-version":[{"id":5956,"href":"https:\/\/www.boydensvn.com\/fr\/wp-json\/wp\/v2\/posts\/5955\/revisions\/5956"}],"wp:featuredmedia":[{"embeddable":true,"href":"https:\/\/www.boydensvn.com\/fr\/wp-json\/wp\/v2\/media\/5880"}],"wp:attachment":[{"href":"https:\/\/www.boydensvn.com\/fr\/wp-json\/wp\/v2\/media?parent=5955"}],"wp:term":[{"taxonomy":"category","embeddable":true,"href":"https:\/\/www.boydensvn.com\/fr\/wp-json\/wp\/v2\/categories?post=5955"},{"taxonomy":"post_tag","embeddable":true,"href":"https:\/\/www.boydensvn.com\/fr\/wp-json\/wp\/v2\/tags?post=5955"}],"curies":[{"name":"wp","href":"https:\/\/api.w.org\/{rel}","templated":true}]}}