{"id":5946,"date":"2019-09-12T22:53:28","date_gmt":"2019-09-12T15:53:28","guid":{"rendered":"http:\/\/www.boydensvn.com\/?p=5946"},"modified":"2019-09-12T22:53:28","modified_gmt":"2019-09-12T15:53:28","slug":"utopia-nomine-poyr-le-prix-belge-de-lenergie-et-de-lenvironnement","status":"publish","type":"post","link":"https:\/\/www.boydensvn.com\/fr\/utopia-nomine-poyr-le-prix-belge-de-lenergie-et-de-lenvironnement\/","title":{"rendered":"Utopia nomin\u00e9 poyr le prix belge de l&#8217;Energie et de l&#8217;Environnement"},"content":{"rendered":"<p>Depuis 2006, le Prix belge de l\u2019\u00e9nergie et de l\u2019environnement rend hommage \u00e0 plus de 2 400 Belges qui, seuls ou par l\u2019interm\u00e9diaire de leurs organisations, ont apport\u00e9 une contribution exceptionnelle au d\u00e9veloppement d\u2019un avenir durable aux niveaux local, r\u00e9gional et national.<\/p>\n<p>Cette ann\u00e9e, un de nos projets \u00abUtopia\u00bb \u00e0 Alost a \u00e9t\u00e9 nomin\u00e9. \u00abUtopia\u00bb est la nouvelle biblioth\u00e8que municipale et l\u2019Acad\u00e9mie des arts de la sc\u00e8ne situ\u00e9e sur le site de Pupillen, au c\u0153ur d\u2019Aalst.<br \/>\nIl s\u2019agit d\u2019un b\u00e2timent multifonctionnel de trois \u00e9tages int\u00e9gr\u00e9 dans un b\u00e2timent d&#8217;angle, auquel s\u2019ajoute un nouveau b\u00e2timent \u00e9pur\u00e9. Dans le b\u00e2timent, il y a 700 m\u00e8tres lin\u00e9aires de biblioth\u00e8ques, 31 salles de classe, une salle de concert, un atelier pour la jeunesse, 250 lieux de travail et d&#8217;\u00e9tude et un caf\u00e9 agr\u00e9able.<\/p>\n<p>Le projet contribue \u00e0 un avenir durable, car les installations techniques ont \u00e9t\u00e9 con\u00e7ues principalement dans le souci de la durabilit\u00e9. En ce qui concerne l&#8217;enveloppe du b\u00e2timent, un certain nombre de mesures passives ont \u00e9t\u00e9 prises pour r\u00e9duire la demande de chauffage et de refroidissement, telles que l&#8217;application d&#8217;une protection solaire haute performance pour l&#8217;ext\u00e9rieur avec un rev\u00eatement en aluminium r\u00e9fl\u00e9chissant atteignant le K15 (niveau K) pour le nouveau b\u00e2timent. Dans le m\u00eame b\u00e2timent, le chauffage et le refroidissement sont distribu\u00e9s \u00e0 basse temp\u00e9rature au moyen d&#8217;un chauffage au sol et \u00e9galement par un syst\u00e8me de ventilation.<br \/>\nDans le b\u00e2timent existant, les radiateurs sont utilis\u00e9s pour le chauffage. Ils sont aliment\u00e9s par la pompe \u00e0 chaleur \u00e0 basse temp\u00e9rature pendant la saison interm\u00e9diaire. Sur le toit du b\u00e2timent, un syst\u00e8me photovolta\u00efque \u00e9tendu d&#8217;une puissance de production de 85 kWp a \u00e9t\u00e9 install\u00e9, donnant le niveau E propos\u00e9.<\/p>\n<p>Enfin, dans le cadre de la certification BREEAM, une vaste activit\u00e9 de surveillance et de mise en service \u00e9tait pr\u00e9vue afin de guider l&#8217;utilisateur final du b\u00e2timent de mani\u00e8re optimale lors de l&#8217;utilisation des installations fournies et de permettre des optimisations futures.<\/p>\n","protected":false},"excerpt":{"rendered":"<p>Depuis 2006, le Prix belge de l\u2019\u00e9nergie et de l\u2019environnement rend hommage \u00e0 plus de 2 400 Belges qui, seuls ou par l\u2019interm\u00e9diaire de leurs organisations, ont apport\u00e9 une contribution exceptionnelle au d\u00e9veloppement d\u2019un avenir durable aux niveaux local, r\u00e9gional &hellip; <a href=\"https:\/\/www.boydensvn.com\/fr\/utopia-nomine-poyr-le-prix-belge-de-lenergie-et-de-lenvironnement\/\">Read more<\/a><\/p>\n","protected":false},"author":27,"featured_media":5429,"comment_status":"open","ping_status":"open","sticky":false,"template":"","format":"standard","meta":{"_acf_changed":false,"inline_featured_image":false,"footnotes":""},"categories":[19],"tags":[],"class_list":["post-5946","post","type-post","status-publish","format-standard","has-post-thumbnail","hentry","category-non-classifiee"],"acf":[],"yoast_head":"<!-- This site is optimized with the Yoast SEO plugin v26.2 - https:\/\/yoast.com\/wordpress\/plugins\/seo\/ -->\n<title>Utopia nomin\u00e9 poyr le prix belge de l&#039;Energie et de l&#039;Environnement - Boydens Engineering<\/title>\n<meta name=\"robots\" content=\"index, follow, max-snippet:-1, max-image-preview:large, max-video-preview:-1\" \/>\n<link rel=\"canonical\" href=\"https:\/\/www.boydensvn.com\/fr\/utopia-nomine-poyr-le-prix-belge-de-lenergie-et-de-lenvironnement\/\" \/>\n<meta property=\"og:locale\" content=\"fr_FR\" \/>\n<meta property=\"og:type\" content=\"article\" \/>\n<meta property=\"og:title\" content=\"Utopia nomin\u00e9 poyr le prix belge de l&#039;Energie et de l&#039;Environnement - Boydens Engineering\" \/>\n<meta property=\"og:description\" content=\"Depuis 2006, le Prix belge de l\u2019\u00e9nergie et de l\u2019environnement rend hommage \u00e0 plus de 2 400 Belges qui, seuls ou par l\u2019interm\u00e9diaire de leurs organisations, ont apport\u00e9 une contribution exceptionnelle au d\u00e9veloppement d\u2019un avenir durable aux niveaux local, r\u00e9gional &hellip; Read more\" \/>\n<meta property=\"og:url\" content=\"https:\/\/www.boydensvn.com\/fr\/utopia-nomine-poyr-le-prix-belge-de-lenergie-et-de-lenvironnement\/\" \/>\n<meta property=\"og:site_name\" content=\"Boydens Engineering\" \/>\n<meta property=\"article:published_time\" content=\"2019-09-12T15:53:28+00:00\" \/>\n<meta property=\"og:image\" content=\"https:\/\/www.boydensvn.com\/wp-content\/uploads\/2019\/08\/IMG_2563web.jpg\" \/>\n\t<meta property=\"og:image:width\" content=\"5184\" \/>\n\t<meta property=\"og:image:height\" content=\"3456\" \/>\n\t<meta property=\"og:image:type\" content=\"image\/jpeg\" \/>\n<meta name=\"author\" content=\"Trinh Tran Thi Doan\" \/>\n<meta name=\"twitter:card\" content=\"summary_large_image\" \/>\n<meta name=\"twitter:label1\" content=\"\u00c9crit par\" \/>\n\t<meta name=\"twitter:data1\" content=\"Trinh Tran Thi Doan\" \/>\n\t<meta name=\"twitter:label2\" content=\"Dur\u00e9e de lecture estim\u00e9e\" \/>\n\t<meta name=\"twitter:data2\" content=\"2 minutes\" \/>\n<script type=\"application\/ld+json\" class=\"yoast-schema-graph\">{\"@context\":\"https:\/\/schema.org\",\"@graph\":[{\"@type\":\"WebPage\",\"@id\":\"https:\/\/www.boydensvn.com\/fr\/utopia-nomine-poyr-le-prix-belge-de-lenergie-et-de-lenvironnement\/\",\"url\":\"https:\/\/www.boydensvn.com\/fr\/utopia-nomine-poyr-le-prix-belge-de-lenergie-et-de-lenvironnement\/\",\"name\":\"Utopia nomin\u00e9 poyr le prix belge de l'Energie et de l'Environnement - Boydens Engineering\",\"isPartOf\":{\"@id\":\"https:\/\/www.boydensvn.com\/#website\"},\"primaryImageOfPage\":{\"@id\":\"https:\/\/www.boydensvn.com\/fr\/utopia-nomine-poyr-le-prix-belge-de-lenergie-et-de-lenvironnement\/#primaryimage\"},\"image\":{\"@id\":\"https:\/\/www.boydensvn.com\/fr\/utopia-nomine-poyr-le-prix-belge-de-lenergie-et-de-lenvironnement\/#primaryimage\"},\"thumbnailUrl\":\"https:\/\/www.boydensvn.com\/wp-content\/uploads\/2019\/08\/IMG_2563web.jpg\",\"datePublished\":\"2019-09-12T15:53:28+00:00\",\"author\":{\"@id\":\"https:\/\/www.boydensvn.com\/#\/schema\/person\/397c5fb0220de494f739b04000ac4793\"},\"breadcrumb\":{\"@id\":\"https:\/\/www.boydensvn.com\/fr\/utopia-nomine-poyr-le-prix-belge-de-lenergie-et-de-lenvironnement\/#breadcrumb\"},\"inLanguage\":\"fr-FR\",\"potentialAction\":[{\"@type\":\"ReadAction\",\"target\":[\"https:\/\/www.boydensvn.com\/fr\/utopia-nomine-poyr-le-prix-belge-de-lenergie-et-de-lenvironnement\/\"]}]},{\"@type\":\"ImageObject\",\"inLanguage\":\"fr-FR\",\"@id\":\"https:\/\/www.boydensvn.com\/fr\/utopia-nomine-poyr-le-prix-belge-de-lenergie-et-de-lenvironnement\/#primaryimage\",\"url\":\"https:\/\/www.boydensvn.com\/wp-content\/uploads\/2019\/08\/IMG_2563web.jpg\",\"contentUrl\":\"https:\/\/www.boydensvn.com\/wp-content\/uploads\/2019\/08\/IMG_2563web.jpg\",\"width\":5184,\"height\":3456},{\"@type\":\"BreadcrumbList\",\"@id\":\"https:\/\/www.boydensvn.com\/fr\/utopia-nomine-poyr-le-prix-belge-de-lenergie-et-de-lenvironnement\/#breadcrumb\",\"itemListElement\":[{\"@type\":\"ListItem\",\"position\":1,\"name\":\"Home\",\"item\":\"https:\/\/www.boydensvn.com\/fr\/\"},{\"@type\":\"ListItem\",\"position\":2,\"name\":\"Utopia nomin\u00e9 poyr le prix belge de l&#8217;Energie et de l&#8217;Environnement\"}]},{\"@type\":\"WebSite\",\"@id\":\"https:\/\/www.boydensvn.com\/#website\",\"url\":\"https:\/\/www.boydensvn.com\/\",\"name\":\"Boydens Engineering\",\"description\":\"\",\"potentialAction\":[{\"@type\":\"SearchAction\",\"target\":{\"@type\":\"EntryPoint\",\"urlTemplate\":\"https:\/\/www.boydensvn.com\/?s={search_term_string}\"},\"query-input\":{\"@type\":\"PropertyValueSpecification\",\"valueRequired\":true,\"valueName\":\"search_term_string\"}}],\"inLanguage\":\"fr-FR\"},{\"@type\":\"Person\",\"@id\":\"https:\/\/www.boydensvn.com\/#\/schema\/person\/397c5fb0220de494f739b04000ac4793\",\"name\":\"Trinh Tran Thi Doan\",\"image\":{\"@type\":\"ImageObject\",\"inLanguage\":\"fr-FR\",\"@id\":\"https:\/\/www.boydensvn.com\/#\/schema\/person\/image\/\",\"url\":\"https:\/\/secure.gravatar.com\/avatar\/7061137405fde045649e164ec15e6e9880bef3e2965b9eed414ff32226d13a0d?s=96&d=mm&r=g\",\"contentUrl\":\"https:\/\/secure.gravatar.com\/avatar\/7061137405fde045649e164ec15e6e9880bef3e2965b9eed414ff32226d13a0d?s=96&d=mm&r=g\",\"caption\":\"Trinh Tran Thi Doan\"}}]}<\/script>\n<!-- \/ Yoast SEO plugin. -->","yoast_head_json":{"title":"Utopia nomin\u00e9 poyr le prix belge de l'Energie et de l'Environnement - Boydens Engineering","robots":{"index":"index","follow":"follow","max-snippet":"max-snippet:-1","max-image-preview":"max-image-preview:large","max-video-preview":"max-video-preview:-1"},"canonical":"https:\/\/www.boydensvn.com\/fr\/utopia-nomine-poyr-le-prix-belge-de-lenergie-et-de-lenvironnement\/","og_locale":"fr_FR","og_type":"article","og_title":"Utopia nomin\u00e9 poyr le prix belge de l'Energie et de l'Environnement - Boydens Engineering","og_description":"Depuis 2006, le Prix belge de l\u2019\u00e9nergie et de l\u2019environnement rend hommage \u00e0 plus de 2 400 Belges qui, seuls ou par l\u2019interm\u00e9diaire de leurs organisations, ont apport\u00e9 une contribution exceptionnelle au d\u00e9veloppement d\u2019un avenir durable aux niveaux local, r\u00e9gional &hellip; Read more","og_url":"https:\/\/www.boydensvn.com\/fr\/utopia-nomine-poyr-le-prix-belge-de-lenergie-et-de-lenvironnement\/","og_site_name":"Boydens Engineering","article_published_time":"2019-09-12T15:53:28+00:00","og_image":[{"width":5184,"height":3456,"url":"https:\/\/www.boydensvn.com\/wp-content\/uploads\/2019\/08\/IMG_2563web.jpg","type":"image\/jpeg"}],"author":"Trinh Tran Thi Doan","twitter_card":"summary_large_image","twitter_misc":{"\u00c9crit par":"Trinh Tran Thi Doan","Dur\u00e9e de lecture estim\u00e9e":"2 minutes"},"schema":{"@context":"https:\/\/schema.org","@graph":[{"@type":"WebPage","@id":"https:\/\/www.boydensvn.com\/fr\/utopia-nomine-poyr-le-prix-belge-de-lenergie-et-de-lenvironnement\/","url":"https:\/\/www.boydensvn.com\/fr\/utopia-nomine-poyr-le-prix-belge-de-lenergie-et-de-lenvironnement\/","name":"Utopia nomin\u00e9 poyr le prix belge de l'Energie et de l'Environnement - Boydens Engineering","isPartOf":{"@id":"https:\/\/www.boydensvn.com\/#website"},"primaryImageOfPage":{"@id":"https:\/\/www.boydensvn.com\/fr\/utopia-nomine-poyr-le-prix-belge-de-lenergie-et-de-lenvironnement\/#primaryimage"},"image":{"@id":"https:\/\/www.boydensvn.com\/fr\/utopia-nomine-poyr-le-prix-belge-de-lenergie-et-de-lenvironnement\/#primaryimage"},"thumbnailUrl":"https:\/\/www.boydensvn.com\/wp-content\/uploads\/2019\/08\/IMG_2563web.jpg","datePublished":"2019-09-12T15:53:28+00:00","author":{"@id":"https:\/\/www.boydensvn.com\/#\/schema\/person\/397c5fb0220de494f739b04000ac4793"},"breadcrumb":{"@id":"https:\/\/www.boydensvn.com\/fr\/utopia-nomine-poyr-le-prix-belge-de-lenergie-et-de-lenvironnement\/#breadcrumb"},"inLanguage":"fr-FR","potentialAction":[{"@type":"ReadAction","target":["https:\/\/www.boydensvn.com\/fr\/utopia-nomine-poyr-le-prix-belge-de-lenergie-et-de-lenvironnement\/"]}]},{"@type":"ImageObject","inLanguage":"fr-FR","@id":"https:\/\/www.boydensvn.com\/fr\/utopia-nomine-poyr-le-prix-belge-de-lenergie-et-de-lenvironnement\/#primaryimage","url":"https:\/\/www.boydensvn.com\/wp-content\/uploads\/2019\/08\/IMG_2563web.jpg","contentUrl":"https:\/\/www.boydensvn.com\/wp-content\/uploads\/2019\/08\/IMG_2563web.jpg","width":5184,"height":3456},{"@type":"BreadcrumbList","@id":"https:\/\/www.boydensvn.com\/fr\/utopia-nomine-poyr-le-prix-belge-de-lenergie-et-de-lenvironnement\/#breadcrumb","itemListElement":[{"@type":"ListItem","position":1,"name":"Home","item":"https:\/\/www.boydensvn.com\/fr\/"},{"@type":"ListItem","position":2,"name":"Utopia nomin\u00e9 poyr le prix belge de l&#8217;Energie et de l&#8217;Environnement"}]},{"@type":"WebSite","@id":"https:\/\/www.boydensvn.com\/#website","url":"https:\/\/www.boydensvn.com\/","name":"Boydens Engineering","description":"","potentialAction":[{"@type":"SearchAction","target":{"@type":"EntryPoint","urlTemplate":"https:\/\/www.boydensvn.com\/?s={search_term_string}"},"query-input":{"@type":"PropertyValueSpecification","valueRequired":true,"valueName":"search_term_string"}}],"inLanguage":"fr-FR"},{"@type":"Person","@id":"https:\/\/www.boydensvn.com\/#\/schema\/person\/397c5fb0220de494f739b04000ac4793","name":"Trinh Tran Thi Doan","image":{"@type":"ImageObject","inLanguage":"fr-FR","@id":"https:\/\/www.boydensvn.com\/#\/schema\/person\/image\/","url":"https:\/\/secure.gravatar.com\/avatar\/7061137405fde045649e164ec15e6e9880bef3e2965b9eed414ff32226d13a0d?s=96&d=mm&r=g","contentUrl":"https:\/\/secure.gravatar.com\/avatar\/7061137405fde045649e164ec15e6e9880bef3e2965b9eed414ff32226d13a0d?s=96&d=mm&r=g","caption":"Trinh Tran Thi Doan"}}]}},"_links":{"self":[{"href":"https:\/\/www.boydensvn.com\/fr\/wp-json\/wp\/v2\/posts\/5946","targetHints":{"allow":["GET"]}}],"collection":[{"href":"https:\/\/www.boydensvn.com\/fr\/wp-json\/wp\/v2\/posts"}],"about":[{"href":"https:\/\/www.boydensvn.com\/fr\/wp-json\/wp\/v2\/types\/post"}],"author":[{"embeddable":true,"href":"https:\/\/www.boydensvn.com\/fr\/wp-json\/wp\/v2\/users\/27"}],"replies":[{"embeddable":true,"href":"https:\/\/www.boydensvn.com\/fr\/wp-json\/wp\/v2\/comments?post=5946"}],"version-history":[{"count":1,"href":"https:\/\/www.boydensvn.com\/fr\/wp-json\/wp\/v2\/posts\/5946\/revisions"}],"predecessor-version":[{"id":5947,"href":"https:\/\/www.boydensvn.com\/fr\/wp-json\/wp\/v2\/posts\/5946\/revisions\/5947"}],"wp:featuredmedia":[{"embeddable":true,"href":"https:\/\/www.boydensvn.com\/fr\/wp-json\/wp\/v2\/media\/5429"}],"wp:attachment":[{"href":"https:\/\/www.boydensvn.com\/fr\/wp-json\/wp\/v2\/media?parent=5946"}],"wp:term":[{"taxonomy":"category","embeddable":true,"href":"https:\/\/www.boydensvn.com\/fr\/wp-json\/wp\/v2\/categories?post=5946"},{"taxonomy":"post_tag","embeddable":true,"href":"https:\/\/www.boydensvn.com\/fr\/wp-json\/wp\/v2\/tags?post=5946"}],"curies":[{"name":"wp","href":"https:\/\/api.w.org\/{rel}","templated":true}]}}