{"id":5924,"date":"2019-09-12T22:41:22","date_gmt":"2019-09-12T15:41:22","guid":{"rendered":"http:\/\/www.boydensvn.com\/?p=5924"},"modified":"2019-09-12T22:41:22","modified_gmt":"2019-09-12T15:41:22","slug":"appel-projet-gagne-pour-le-projet-mobilis-de-dieteren-immo","status":"publish","type":"post","link":"https:\/\/www.boydensvn.com\/fr\/appel-projet-gagne-pour-le-projet-mobilis-de-dieteren-immo\/","title":{"rendered":"Appel \u00e0 projet gagn\u00e9 pour le projet Mobilis de D\u2019Ieteren Immo"},"content":{"rendered":"<p>Non seulement nos futures voitures auront-elles une tout autre apparence, mais le garage o\u00f9 elles seront vendues et entretenues n\u00e9cessitera \u00e9galement une version 2.0.<br \/>\nBoydens Engineering est tr\u00e8s fier de faire partie de l\u2019\u00e9quipe de conception du nouveau garage D\u2019Ieteren \u00e0 Bruxelles.<\/p>\n<p><a href=\"https:\/\/architectura.be\/fr\/actualite\/info-projet\/29488\/dieteren-confie-la-conception-de-son-garage-20-a-xdga\" target=\"_blank\" rel=\"noopener noreferrer\">https:\/\/architectura.be\/fr\/actualite\/info-projet\/29488\/dieteren-confie-la-conception-de-son-garage-20-a-xdga<\/a><\/p>\n","protected":false},"excerpt":{"rendered":"<p>Non seulement nos futures voitures auront-elles une tout autre apparence, mais le garage o\u00f9 elles seront vendues et entretenues n\u00e9cessitera \u00e9galement une version 2.0. Boydens Engineering est tr\u00e8s fier de faire partie de l\u2019\u00e9quipe de conception du nouveau garage D\u2019Ieteren &hellip; <a href=\"https:\/\/www.boydensvn.com\/fr\/appel-projet-gagne-pour-le-projet-mobilis-de-dieteren-immo\/\">Read more<\/a><\/p>\n","protected":false},"author":27,"featured_media":5919,"comment_status":"open","ping_status":"open","sticky":false,"template":"","format":"standard","meta":{"_acf_changed":false,"inline_featured_image":false,"footnotes":""},"categories":[19],"tags":[],"class_list":["post-5924","post","type-post","status-publish","format-standard","has-post-thumbnail","hentry","category-non-classifiee"],"acf":[],"yoast_head":"<!-- This site is optimized with the Yoast SEO plugin v26.2 - https:\/\/yoast.com\/wordpress\/plugins\/seo\/ -->\n<title>Appel \u00e0 projet gagn\u00e9 pour le projet Mobilis de D\u2019Ieteren Immo - Boydens Engineering<\/title>\n<meta name=\"robots\" content=\"index, follow, max-snippet:-1, max-image-preview:large, max-video-preview:-1\" \/>\n<link rel=\"canonical\" href=\"https:\/\/www.boydensvn.com\/fr\/appel-projet-gagne-pour-le-projet-mobilis-de-dieteren-immo\/\" \/>\n<meta property=\"og:locale\" content=\"fr_FR\" \/>\n<meta property=\"og:type\" content=\"article\" \/>\n<meta property=\"og:title\" content=\"Appel \u00e0 projet gagn\u00e9 pour le projet Mobilis de D\u2019Ieteren Immo - Boydens Engineering\" \/>\n<meta property=\"og:description\" content=\"Non seulement nos futures voitures auront-elles une tout autre apparence, mais le garage o\u00f9 elles seront vendues et entretenues n\u00e9cessitera \u00e9galement une version 2.0. Boydens Engineering est tr\u00e8s fier de faire partie de l\u2019\u00e9quipe de conception du nouveau garage D\u2019Ieteren &hellip; Read more\" \/>\n<meta property=\"og:url\" content=\"https:\/\/www.boydensvn.com\/fr\/appel-projet-gagne-pour-le-projet-mobilis-de-dieteren-immo\/\" \/>\n<meta property=\"og:site_name\" content=\"Boydens Engineering\" \/>\n<meta property=\"article:published_time\" content=\"2019-09-12T15:41:22+00:00\" \/>\n<meta property=\"og:image\" content=\"https:\/\/www.boydensvn.com\/wp-content\/uploads\/2019\/09\/1.png\" \/>\n\t<meta property=\"og:image:width\" content=\"1018\" \/>\n\t<meta property=\"og:image:height\" content=\"420\" \/>\n\t<meta property=\"og:image:type\" content=\"image\/png\" \/>\n<meta name=\"author\" content=\"Trinh Tran Thi Doan\" \/>\n<meta name=\"twitter:card\" content=\"summary_large_image\" \/>\n<meta name=\"twitter:label1\" content=\"\u00c9crit par\" \/>\n\t<meta name=\"twitter:data1\" content=\"Trinh Tran Thi Doan\" \/>\n<script type=\"application\/ld+json\" class=\"yoast-schema-graph\">{\"@context\":\"https:\/\/schema.org\",\"@graph\":[{\"@type\":\"WebPage\",\"@id\":\"https:\/\/www.boydensvn.com\/fr\/appel-projet-gagne-pour-le-projet-mobilis-de-dieteren-immo\/\",\"url\":\"https:\/\/www.boydensvn.com\/fr\/appel-projet-gagne-pour-le-projet-mobilis-de-dieteren-immo\/\",\"name\":\"Appel \u00e0 projet gagn\u00e9 pour le projet Mobilis de D\u2019Ieteren Immo - Boydens Engineering\",\"isPartOf\":{\"@id\":\"https:\/\/www.boydensvn.com\/#website\"},\"primaryImageOfPage\":{\"@id\":\"https:\/\/www.boydensvn.com\/fr\/appel-projet-gagne-pour-le-projet-mobilis-de-dieteren-immo\/#primaryimage\"},\"image\":{\"@id\":\"https:\/\/www.boydensvn.com\/fr\/appel-projet-gagne-pour-le-projet-mobilis-de-dieteren-immo\/#primaryimage\"},\"thumbnailUrl\":\"https:\/\/www.boydensvn.com\/wp-content\/uploads\/2019\/09\/1.png\",\"datePublished\":\"2019-09-12T15:41:22+00:00\",\"author\":{\"@id\":\"https:\/\/www.boydensvn.com\/#\/schema\/person\/397c5fb0220de494f739b04000ac4793\"},\"breadcrumb\":{\"@id\":\"https:\/\/www.boydensvn.com\/fr\/appel-projet-gagne-pour-le-projet-mobilis-de-dieteren-immo\/#breadcrumb\"},\"inLanguage\":\"fr-FR\",\"potentialAction\":[{\"@type\":\"ReadAction\",\"target\":[\"https:\/\/www.boydensvn.com\/fr\/appel-projet-gagne-pour-le-projet-mobilis-de-dieteren-immo\/\"]}]},{\"@type\":\"ImageObject\",\"inLanguage\":\"fr-FR\",\"@id\":\"https:\/\/www.boydensvn.com\/fr\/appel-projet-gagne-pour-le-projet-mobilis-de-dieteren-immo\/#primaryimage\",\"url\":\"https:\/\/www.boydensvn.com\/wp-content\/uploads\/2019\/09\/1.png\",\"contentUrl\":\"https:\/\/www.boydensvn.com\/wp-content\/uploads\/2019\/09\/1.png\",\"width\":1018,\"height\":420},{\"@type\":\"BreadcrumbList\",\"@id\":\"https:\/\/www.boydensvn.com\/fr\/appel-projet-gagne-pour-le-projet-mobilis-de-dieteren-immo\/#breadcrumb\",\"itemListElement\":[{\"@type\":\"ListItem\",\"position\":1,\"name\":\"Home\",\"item\":\"https:\/\/www.boydensvn.com\/fr\/\"},{\"@type\":\"ListItem\",\"position\":2,\"name\":\"Appel \u00e0 projet gagn\u00e9 pour le projet Mobilis de D\u2019Ieteren Immo\"}]},{\"@type\":\"WebSite\",\"@id\":\"https:\/\/www.boydensvn.com\/#website\",\"url\":\"https:\/\/www.boydensvn.com\/\",\"name\":\"Boydens Engineering\",\"description\":\"\",\"potentialAction\":[{\"@type\":\"SearchAction\",\"target\":{\"@type\":\"EntryPoint\",\"urlTemplate\":\"https:\/\/www.boydensvn.com\/?s={search_term_string}\"},\"query-input\":{\"@type\":\"PropertyValueSpecification\",\"valueRequired\":true,\"valueName\":\"search_term_string\"}}],\"inLanguage\":\"fr-FR\"},{\"@type\":\"Person\",\"@id\":\"https:\/\/www.boydensvn.com\/#\/schema\/person\/397c5fb0220de494f739b04000ac4793\",\"name\":\"Trinh Tran Thi Doan\",\"image\":{\"@type\":\"ImageObject\",\"inLanguage\":\"fr-FR\",\"@id\":\"https:\/\/www.boydensvn.com\/#\/schema\/person\/image\/\",\"url\":\"https:\/\/secure.gravatar.com\/avatar\/7061137405fde045649e164ec15e6e9880bef3e2965b9eed414ff32226d13a0d?s=96&d=mm&r=g\",\"contentUrl\":\"https:\/\/secure.gravatar.com\/avatar\/7061137405fde045649e164ec15e6e9880bef3e2965b9eed414ff32226d13a0d?s=96&d=mm&r=g\",\"caption\":\"Trinh Tran Thi Doan\"}}]}<\/script>\n<!-- \/ Yoast SEO plugin. -->","yoast_head_json":{"title":"Appel \u00e0 projet gagn\u00e9 pour le projet Mobilis de D\u2019Ieteren Immo - Boydens Engineering","robots":{"index":"index","follow":"follow","max-snippet":"max-snippet:-1","max-image-preview":"max-image-preview:large","max-video-preview":"max-video-preview:-1"},"canonical":"https:\/\/www.boydensvn.com\/fr\/appel-projet-gagne-pour-le-projet-mobilis-de-dieteren-immo\/","og_locale":"fr_FR","og_type":"article","og_title":"Appel \u00e0 projet gagn\u00e9 pour le projet Mobilis de D\u2019Ieteren Immo - Boydens Engineering","og_description":"Non seulement nos futures voitures auront-elles une tout autre apparence, mais le garage o\u00f9 elles seront vendues et entretenues n\u00e9cessitera \u00e9galement une version 2.0. Boydens Engineering est tr\u00e8s fier de faire partie de l\u2019\u00e9quipe de conception du nouveau garage D\u2019Ieteren &hellip; Read more","og_url":"https:\/\/www.boydensvn.com\/fr\/appel-projet-gagne-pour-le-projet-mobilis-de-dieteren-immo\/","og_site_name":"Boydens Engineering","article_published_time":"2019-09-12T15:41:22+00:00","og_image":[{"width":1018,"height":420,"url":"https:\/\/www.boydensvn.com\/wp-content\/uploads\/2019\/09\/1.png","type":"image\/png"}],"author":"Trinh Tran Thi Doan","twitter_card":"summary_large_image","twitter_misc":{"\u00c9crit par":"Trinh Tran Thi Doan"},"schema":{"@context":"https:\/\/schema.org","@graph":[{"@type":"WebPage","@id":"https:\/\/www.boydensvn.com\/fr\/appel-projet-gagne-pour-le-projet-mobilis-de-dieteren-immo\/","url":"https:\/\/www.boydensvn.com\/fr\/appel-projet-gagne-pour-le-projet-mobilis-de-dieteren-immo\/","name":"Appel \u00e0 projet gagn\u00e9 pour le projet Mobilis de D\u2019Ieteren Immo - Boydens Engineering","isPartOf":{"@id":"https:\/\/www.boydensvn.com\/#website"},"primaryImageOfPage":{"@id":"https:\/\/www.boydensvn.com\/fr\/appel-projet-gagne-pour-le-projet-mobilis-de-dieteren-immo\/#primaryimage"},"image":{"@id":"https:\/\/www.boydensvn.com\/fr\/appel-projet-gagne-pour-le-projet-mobilis-de-dieteren-immo\/#primaryimage"},"thumbnailUrl":"https:\/\/www.boydensvn.com\/wp-content\/uploads\/2019\/09\/1.png","datePublished":"2019-09-12T15:41:22+00:00","author":{"@id":"https:\/\/www.boydensvn.com\/#\/schema\/person\/397c5fb0220de494f739b04000ac4793"},"breadcrumb":{"@id":"https:\/\/www.boydensvn.com\/fr\/appel-projet-gagne-pour-le-projet-mobilis-de-dieteren-immo\/#breadcrumb"},"inLanguage":"fr-FR","potentialAction":[{"@type":"ReadAction","target":["https:\/\/www.boydensvn.com\/fr\/appel-projet-gagne-pour-le-projet-mobilis-de-dieteren-immo\/"]}]},{"@type":"ImageObject","inLanguage":"fr-FR","@id":"https:\/\/www.boydensvn.com\/fr\/appel-projet-gagne-pour-le-projet-mobilis-de-dieteren-immo\/#primaryimage","url":"https:\/\/www.boydensvn.com\/wp-content\/uploads\/2019\/09\/1.png","contentUrl":"https:\/\/www.boydensvn.com\/wp-content\/uploads\/2019\/09\/1.png","width":1018,"height":420},{"@type":"BreadcrumbList","@id":"https:\/\/www.boydensvn.com\/fr\/appel-projet-gagne-pour-le-projet-mobilis-de-dieteren-immo\/#breadcrumb","itemListElement":[{"@type":"ListItem","position":1,"name":"Home","item":"https:\/\/www.boydensvn.com\/fr\/"},{"@type":"ListItem","position":2,"name":"Appel \u00e0 projet gagn\u00e9 pour le projet Mobilis de D\u2019Ieteren Immo"}]},{"@type":"WebSite","@id":"https:\/\/www.boydensvn.com\/#website","url":"https:\/\/www.boydensvn.com\/","name":"Boydens Engineering","description":"","potentialAction":[{"@type":"SearchAction","target":{"@type":"EntryPoint","urlTemplate":"https:\/\/www.boydensvn.com\/?s={search_term_string}"},"query-input":{"@type":"PropertyValueSpecification","valueRequired":true,"valueName":"search_term_string"}}],"inLanguage":"fr-FR"},{"@type":"Person","@id":"https:\/\/www.boydensvn.com\/#\/schema\/person\/397c5fb0220de494f739b04000ac4793","name":"Trinh Tran Thi Doan","image":{"@type":"ImageObject","inLanguage":"fr-FR","@id":"https:\/\/www.boydensvn.com\/#\/schema\/person\/image\/","url":"https:\/\/secure.gravatar.com\/avatar\/7061137405fde045649e164ec15e6e9880bef3e2965b9eed414ff32226d13a0d?s=96&d=mm&r=g","contentUrl":"https:\/\/secure.gravatar.com\/avatar\/7061137405fde045649e164ec15e6e9880bef3e2965b9eed414ff32226d13a0d?s=96&d=mm&r=g","caption":"Trinh Tran Thi Doan"}}]}},"_links":{"self":[{"href":"https:\/\/www.boydensvn.com\/fr\/wp-json\/wp\/v2\/posts\/5924","targetHints":{"allow":["GET"]}}],"collection":[{"href":"https:\/\/www.boydensvn.com\/fr\/wp-json\/wp\/v2\/posts"}],"about":[{"href":"https:\/\/www.boydensvn.com\/fr\/wp-json\/wp\/v2\/types\/post"}],"author":[{"embeddable":true,"href":"https:\/\/www.boydensvn.com\/fr\/wp-json\/wp\/v2\/users\/27"}],"replies":[{"embeddable":true,"href":"https:\/\/www.boydensvn.com\/fr\/wp-json\/wp\/v2\/comments?post=5924"}],"version-history":[{"count":1,"href":"https:\/\/www.boydensvn.com\/fr\/wp-json\/wp\/v2\/posts\/5924\/revisions"}],"predecessor-version":[{"id":5925,"href":"https:\/\/www.boydensvn.com\/fr\/wp-json\/wp\/v2\/posts\/5924\/revisions\/5925"}],"wp:featuredmedia":[{"embeddable":true,"href":"https:\/\/www.boydensvn.com\/fr\/wp-json\/wp\/v2\/media\/5919"}],"wp:attachment":[{"href":"https:\/\/www.boydensvn.com\/fr\/wp-json\/wp\/v2\/media?parent=5924"}],"wp:term":[{"taxonomy":"category","embeddable":true,"href":"https:\/\/www.boydensvn.com\/fr\/wp-json\/wp\/v2\/categories?post=5924"},{"taxonomy":"post_tag","embeddable":true,"href":"https:\/\/www.boydensvn.com\/fr\/wp-json\/wp\/v2\/tags?post=5924"}],"curies":[{"name":"wp","href":"https:\/\/api.w.org\/{rel}","templated":true}]}}