{"id":5458,"date":"2019-08-21T19:49:34","date_gmt":"2019-08-21T12:49:34","guid":{"rendered":"http:\/\/www.boydensvn.com\/?p=5458"},"modified":"2019-08-21T19:49:34","modified_gmt":"2019-08-21T12:49:34","slug":"la-tour-abc-zeebrugge-officiellement-ouvert-ses-portes","status":"publish","type":"post","link":"https:\/\/www.boydensvn.com\/fr\/la-tour-abc-zeebrugge-officiellement-ouvert-ses-portes\/","title":{"rendered":"La tour ABC \u00e0 Zeebrugge a officiellement ouvert ses portes"},"content":{"rendered":"<div class=\"page-text\">\n<p>La tour ABC \u00e0 Zeebrugge a officiellement ouvert ses portes le 15 juin 2018 en pr\u00e9sence de Renaat Landuyt, maire de la ville de Bruges, et M. Joachim Coens, directeur g\u00e9n\u00e9ral et pr\u00e9sident du comit\u00e9 de gestion du port de Zeebrugge.<br \/>\nDepuis que Zeebrugge est devenu le plus grand port de croisi\u00e8re en Flandre, il a fallu remplacer la station maritime existante et construire un b\u00e2timent de 7 \u00e9tages pour offrir aux touristes un acc\u00e8s plus rapide et plus important \u00e0 de nombreuses villes historiques flamandes, notamment Bruges.<br \/>\nLe rez-de-chauss\u00e9e sert de logement complet avec enregistrement des bagages, contr\u00f4le des pensions, boutiques et bureau d&#8217;information touristique. Un auditorium et un espace \u00e9v\u00e9nementiel sont situ\u00e9s au premier \u00e9tage. Les espaces de bureaux se situent aux niveaux 2 \u00e0 6. Le restaurant des terminaux de croisi\u00e8re sera situ\u00e9 au 7\u00e8me \u00e9tage ainsi que sur le toit. Au sous-sol du b\u00e2timent se trouvent un parking priv\u00e9, une cabine \u00e9lectrique haute tension et des locaux techniques (chauffage central et services publics).<br \/>\nEn outre, l&#8217;ensemble du b\u00e2timent est \u00e9quip\u00e9 d&#8217;un syst\u00e8me de d\u00e9tection d&#8217;intrusion automatis\u00e9, utilisant des cam\u00e9ras de surveillance HD et un syst\u00e8me de d\u00e9tection d&#8217;incendie automatis\u00e9. L&#8217;ensemble du b\u00e2timent est \u00e9quip\u00e9 d&#8217;un \u00e9clairage LED d&#8217;\u00e9conomie g\u00e9n\u00e9rale et d&#8217;urgence. Afin de garantir le fonctionnement du terminal de croisi\u00e8re, deux groupes \u00e9lectrog\u00e8nes diesel de secours fournissent une alimentation de secours en cas de panne de courant.<\/p>\n<\/div>\n","protected":false},"excerpt":{"rendered":"<p>La tour ABC \u00e0 Zeebrugge a officiellement ouvert ses portes le 15 juin 2018 en pr\u00e9sence de Renaat Landuyt, maire de la ville de Bruges, et M. Joachim Coens, directeur g\u00e9n\u00e9ral et pr\u00e9sident du comit\u00e9 de gestion du port de &hellip; <a href=\"https:\/\/www.boydensvn.com\/fr\/la-tour-abc-zeebrugge-officiellement-ouvert-ses-portes\/\">Read more<\/a><\/p>\n","protected":false},"author":27,"featured_media":5453,"comment_status":"open","ping_status":"open","sticky":false,"template":"","format":"standard","meta":{"_acf_changed":false,"inline_featured_image":false,"footnotes":""},"categories":[19],"tags":[],"class_list":["post-5458","post","type-post","status-publish","format-standard","has-post-thumbnail","hentry","category-non-classifiee"],"acf":[],"yoast_head":"<!-- This site is optimized with the Yoast SEO plugin v26.2 - https:\/\/yoast.com\/wordpress\/plugins\/seo\/ -->\n<title>La tour ABC \u00e0 Zeebrugge a officiellement ouvert ses portes - Boydens Engineering<\/title>\n<meta name=\"robots\" content=\"index, follow, max-snippet:-1, max-image-preview:large, max-video-preview:-1\" \/>\n<link rel=\"canonical\" href=\"https:\/\/www.boydensvn.com\/fr\/la-tour-abc-zeebrugge-officiellement-ouvert-ses-portes\/\" \/>\n<meta property=\"og:locale\" content=\"fr_FR\" \/>\n<meta property=\"og:type\" content=\"article\" \/>\n<meta property=\"og:title\" content=\"La tour ABC \u00e0 Zeebrugge a officiellement ouvert ses portes - Boydens Engineering\" \/>\n<meta property=\"og:description\" content=\"La tour ABC \u00e0 Zeebrugge a officiellement ouvert ses portes le 15 juin 2018 en pr\u00e9sence de Renaat Landuyt, maire de la ville de Bruges, et M. Joachim Coens, directeur g\u00e9n\u00e9ral et pr\u00e9sident du comit\u00e9 de gestion du port de &hellip; Read more\" \/>\n<meta property=\"og:url\" content=\"https:\/\/www.boydensvn.com\/fr\/la-tour-abc-zeebrugge-officiellement-ouvert-ses-portes\/\" \/>\n<meta property=\"og:site_name\" content=\"Boydens Engineering\" \/>\n<meta property=\"article:published_time\" content=\"2019-08-21T12:49:34+00:00\" \/>\n<meta property=\"og:image\" content=\"https:\/\/www.boydensvn.com\/wp-content\/uploads\/2019\/08\/20180615_153348web.jpg\" \/>\n\t<meta property=\"og:image:width\" content=\"4032\" \/>\n\t<meta property=\"og:image:height\" content=\"3024\" \/>\n\t<meta property=\"og:image:type\" content=\"image\/jpeg\" \/>\n<meta name=\"author\" content=\"Trinh Tran Thi Doan\" \/>\n<meta name=\"twitter:card\" content=\"summary_large_image\" \/>\n<meta name=\"twitter:label1\" content=\"\u00c9crit par\" \/>\n\t<meta name=\"twitter:data1\" content=\"Trinh Tran Thi Doan\" \/>\n\t<meta name=\"twitter:label2\" content=\"Dur\u00e9e de lecture estim\u00e9e\" \/>\n\t<meta name=\"twitter:data2\" content=\"1 minute\" \/>\n<script type=\"application\/ld+json\" class=\"yoast-schema-graph\">{\"@context\":\"https:\/\/schema.org\",\"@graph\":[{\"@type\":\"WebPage\",\"@id\":\"https:\/\/www.boydensvn.com\/fr\/la-tour-abc-zeebrugge-officiellement-ouvert-ses-portes\/\",\"url\":\"https:\/\/www.boydensvn.com\/fr\/la-tour-abc-zeebrugge-officiellement-ouvert-ses-portes\/\",\"name\":\"La tour ABC \u00e0 Zeebrugge a officiellement ouvert ses portes - Boydens Engineering\",\"isPartOf\":{\"@id\":\"https:\/\/www.boydensvn.com\/#website\"},\"primaryImageOfPage\":{\"@id\":\"https:\/\/www.boydensvn.com\/fr\/la-tour-abc-zeebrugge-officiellement-ouvert-ses-portes\/#primaryimage\"},\"image\":{\"@id\":\"https:\/\/www.boydensvn.com\/fr\/la-tour-abc-zeebrugge-officiellement-ouvert-ses-portes\/#primaryimage\"},\"thumbnailUrl\":\"https:\/\/www.boydensvn.com\/wp-content\/uploads\/2019\/08\/20180615_153348web.jpg\",\"datePublished\":\"2019-08-21T12:49:34+00:00\",\"author\":{\"@id\":\"https:\/\/www.boydensvn.com\/#\/schema\/person\/397c5fb0220de494f739b04000ac4793\"},\"breadcrumb\":{\"@id\":\"https:\/\/www.boydensvn.com\/fr\/la-tour-abc-zeebrugge-officiellement-ouvert-ses-portes\/#breadcrumb\"},\"inLanguage\":\"fr-FR\",\"potentialAction\":[{\"@type\":\"ReadAction\",\"target\":[\"https:\/\/www.boydensvn.com\/fr\/la-tour-abc-zeebrugge-officiellement-ouvert-ses-portes\/\"]}]},{\"@type\":\"ImageObject\",\"inLanguage\":\"fr-FR\",\"@id\":\"https:\/\/www.boydensvn.com\/fr\/la-tour-abc-zeebrugge-officiellement-ouvert-ses-portes\/#primaryimage\",\"url\":\"https:\/\/www.boydensvn.com\/wp-content\/uploads\/2019\/08\/20180615_153348web.jpg\",\"contentUrl\":\"https:\/\/www.boydensvn.com\/wp-content\/uploads\/2019\/08\/20180615_153348web.jpg\",\"width\":4032,\"height\":3024},{\"@type\":\"BreadcrumbList\",\"@id\":\"https:\/\/www.boydensvn.com\/fr\/la-tour-abc-zeebrugge-officiellement-ouvert-ses-portes\/#breadcrumb\",\"itemListElement\":[{\"@type\":\"ListItem\",\"position\":1,\"name\":\"Home\",\"item\":\"https:\/\/www.boydensvn.com\/fr\/\"},{\"@type\":\"ListItem\",\"position\":2,\"name\":\"La tour ABC \u00e0 Zeebrugge a officiellement ouvert ses portes\"}]},{\"@type\":\"WebSite\",\"@id\":\"https:\/\/www.boydensvn.com\/#website\",\"url\":\"https:\/\/www.boydensvn.com\/\",\"name\":\"Boydens Engineering\",\"description\":\"\",\"potentialAction\":[{\"@type\":\"SearchAction\",\"target\":{\"@type\":\"EntryPoint\",\"urlTemplate\":\"https:\/\/www.boydensvn.com\/?s={search_term_string}\"},\"query-input\":{\"@type\":\"PropertyValueSpecification\",\"valueRequired\":true,\"valueName\":\"search_term_string\"}}],\"inLanguage\":\"fr-FR\"},{\"@type\":\"Person\",\"@id\":\"https:\/\/www.boydensvn.com\/#\/schema\/person\/397c5fb0220de494f739b04000ac4793\",\"name\":\"Trinh Tran Thi Doan\",\"image\":{\"@type\":\"ImageObject\",\"inLanguage\":\"fr-FR\",\"@id\":\"https:\/\/www.boydensvn.com\/#\/schema\/person\/image\/\",\"url\":\"https:\/\/secure.gravatar.com\/avatar\/7061137405fde045649e164ec15e6e9880bef3e2965b9eed414ff32226d13a0d?s=96&d=mm&r=g\",\"contentUrl\":\"https:\/\/secure.gravatar.com\/avatar\/7061137405fde045649e164ec15e6e9880bef3e2965b9eed414ff32226d13a0d?s=96&d=mm&r=g\",\"caption\":\"Trinh Tran Thi Doan\"}}]}<\/script>\n<!-- \/ Yoast SEO plugin. -->","yoast_head_json":{"title":"La tour ABC \u00e0 Zeebrugge a officiellement ouvert ses portes - Boydens Engineering","robots":{"index":"index","follow":"follow","max-snippet":"max-snippet:-1","max-image-preview":"max-image-preview:large","max-video-preview":"max-video-preview:-1"},"canonical":"https:\/\/www.boydensvn.com\/fr\/la-tour-abc-zeebrugge-officiellement-ouvert-ses-portes\/","og_locale":"fr_FR","og_type":"article","og_title":"La tour ABC \u00e0 Zeebrugge a officiellement ouvert ses portes - Boydens Engineering","og_description":"La tour ABC \u00e0 Zeebrugge a officiellement ouvert ses portes le 15 juin 2018 en pr\u00e9sence de Renaat Landuyt, maire de la ville de Bruges, et M. Joachim Coens, directeur g\u00e9n\u00e9ral et pr\u00e9sident du comit\u00e9 de gestion du port de &hellip; Read more","og_url":"https:\/\/www.boydensvn.com\/fr\/la-tour-abc-zeebrugge-officiellement-ouvert-ses-portes\/","og_site_name":"Boydens Engineering","article_published_time":"2019-08-21T12:49:34+00:00","og_image":[{"width":4032,"height":3024,"url":"https:\/\/www.boydensvn.com\/wp-content\/uploads\/2019\/08\/20180615_153348web.jpg","type":"image\/jpeg"}],"author":"Trinh Tran Thi Doan","twitter_card":"summary_large_image","twitter_misc":{"\u00c9crit par":"Trinh Tran Thi Doan","Dur\u00e9e de lecture estim\u00e9e":"1 minute"},"schema":{"@context":"https:\/\/schema.org","@graph":[{"@type":"WebPage","@id":"https:\/\/www.boydensvn.com\/fr\/la-tour-abc-zeebrugge-officiellement-ouvert-ses-portes\/","url":"https:\/\/www.boydensvn.com\/fr\/la-tour-abc-zeebrugge-officiellement-ouvert-ses-portes\/","name":"La tour ABC \u00e0 Zeebrugge a officiellement ouvert ses portes - Boydens Engineering","isPartOf":{"@id":"https:\/\/www.boydensvn.com\/#website"},"primaryImageOfPage":{"@id":"https:\/\/www.boydensvn.com\/fr\/la-tour-abc-zeebrugge-officiellement-ouvert-ses-portes\/#primaryimage"},"image":{"@id":"https:\/\/www.boydensvn.com\/fr\/la-tour-abc-zeebrugge-officiellement-ouvert-ses-portes\/#primaryimage"},"thumbnailUrl":"https:\/\/www.boydensvn.com\/wp-content\/uploads\/2019\/08\/20180615_153348web.jpg","datePublished":"2019-08-21T12:49:34+00:00","author":{"@id":"https:\/\/www.boydensvn.com\/#\/schema\/person\/397c5fb0220de494f739b04000ac4793"},"breadcrumb":{"@id":"https:\/\/www.boydensvn.com\/fr\/la-tour-abc-zeebrugge-officiellement-ouvert-ses-portes\/#breadcrumb"},"inLanguage":"fr-FR","potentialAction":[{"@type":"ReadAction","target":["https:\/\/www.boydensvn.com\/fr\/la-tour-abc-zeebrugge-officiellement-ouvert-ses-portes\/"]}]},{"@type":"ImageObject","inLanguage":"fr-FR","@id":"https:\/\/www.boydensvn.com\/fr\/la-tour-abc-zeebrugge-officiellement-ouvert-ses-portes\/#primaryimage","url":"https:\/\/www.boydensvn.com\/wp-content\/uploads\/2019\/08\/20180615_153348web.jpg","contentUrl":"https:\/\/www.boydensvn.com\/wp-content\/uploads\/2019\/08\/20180615_153348web.jpg","width":4032,"height":3024},{"@type":"BreadcrumbList","@id":"https:\/\/www.boydensvn.com\/fr\/la-tour-abc-zeebrugge-officiellement-ouvert-ses-portes\/#breadcrumb","itemListElement":[{"@type":"ListItem","position":1,"name":"Home","item":"https:\/\/www.boydensvn.com\/fr\/"},{"@type":"ListItem","position":2,"name":"La tour ABC \u00e0 Zeebrugge a officiellement ouvert ses portes"}]},{"@type":"WebSite","@id":"https:\/\/www.boydensvn.com\/#website","url":"https:\/\/www.boydensvn.com\/","name":"Boydens Engineering","description":"","potentialAction":[{"@type":"SearchAction","target":{"@type":"EntryPoint","urlTemplate":"https:\/\/www.boydensvn.com\/?s={search_term_string}"},"query-input":{"@type":"PropertyValueSpecification","valueRequired":true,"valueName":"search_term_string"}}],"inLanguage":"fr-FR"},{"@type":"Person","@id":"https:\/\/www.boydensvn.com\/#\/schema\/person\/397c5fb0220de494f739b04000ac4793","name":"Trinh Tran Thi Doan","image":{"@type":"ImageObject","inLanguage":"fr-FR","@id":"https:\/\/www.boydensvn.com\/#\/schema\/person\/image\/","url":"https:\/\/secure.gravatar.com\/avatar\/7061137405fde045649e164ec15e6e9880bef3e2965b9eed414ff32226d13a0d?s=96&d=mm&r=g","contentUrl":"https:\/\/secure.gravatar.com\/avatar\/7061137405fde045649e164ec15e6e9880bef3e2965b9eed414ff32226d13a0d?s=96&d=mm&r=g","caption":"Trinh Tran Thi Doan"}}]}},"_links":{"self":[{"href":"https:\/\/www.boydensvn.com\/fr\/wp-json\/wp\/v2\/posts\/5458","targetHints":{"allow":["GET"]}}],"collection":[{"href":"https:\/\/www.boydensvn.com\/fr\/wp-json\/wp\/v2\/posts"}],"about":[{"href":"https:\/\/www.boydensvn.com\/fr\/wp-json\/wp\/v2\/types\/post"}],"author":[{"embeddable":true,"href":"https:\/\/www.boydensvn.com\/fr\/wp-json\/wp\/v2\/users\/27"}],"replies":[{"embeddable":true,"href":"https:\/\/www.boydensvn.com\/fr\/wp-json\/wp\/v2\/comments?post=5458"}],"version-history":[{"count":1,"href":"https:\/\/www.boydensvn.com\/fr\/wp-json\/wp\/v2\/posts\/5458\/revisions"}],"predecessor-version":[{"id":5459,"href":"https:\/\/www.boydensvn.com\/fr\/wp-json\/wp\/v2\/posts\/5458\/revisions\/5459"}],"wp:featuredmedia":[{"embeddable":true,"href":"https:\/\/www.boydensvn.com\/fr\/wp-json\/wp\/v2\/media\/5453"}],"wp:attachment":[{"href":"https:\/\/www.boydensvn.com\/fr\/wp-json\/wp\/v2\/media?parent=5458"}],"wp:term":[{"taxonomy":"category","embeddable":true,"href":"https:\/\/www.boydensvn.com\/fr\/wp-json\/wp\/v2\/categories?post=5458"},{"taxonomy":"post_tag","embeddable":true,"href":"https:\/\/www.boydensvn.com\/fr\/wp-json\/wp\/v2\/tags?post=5458"}],"curies":[{"name":"wp","href":"https:\/\/api.w.org\/{rel}","templated":true}]}}