{"id":5339,"date":"2019-08-20T21:28:08","date_gmt":"2019-08-20T14:28:08","guid":{"rendered":"http:\/\/www.boydensvn.com\/?p=5339"},"modified":"2019-08-20T21:28:08","modified_gmt":"2019-08-20T14:28:08","slug":"wim-boydens-moderateur-la-10ieme-conference-de-lenergie-vcb","status":"publish","type":"post","link":"https:\/\/www.boydensvn.com\/fr\/wim-boydens-moderateur-la-10ieme-conference-de-lenergie-vcb\/","title":{"rendered":"Wim Boydens mod\u00e9rateur \u00e0 la 10i\u00e8me Conf\u00e9rence de l&#8217;\u00e9nergie VCB"},"content":{"rendered":"<p>Boydens Engineering a particip\u00e9 \u00e0 la \u00ab Vlaamse Confederatie Bouw \u00bb (Conf\u00e9d\u00e9ration flamande du b\u00e2timent), 10e Conf\u00e9rence de l&#8217;\u00e9nergie, o\u00f9 le th\u00e8me de la conf\u00e9rence de cette ann\u00e9e \u00e9tait \u00abConstruction et \u00e9nergie: avantages pour le client en raison de l&#8217;enveloppe du b\u00e2timent et des techniques\u00bb<br \/>\nLe professeur Wim Boydens \u00e9tait mod\u00e9rateur et a pr\u00e9sent\u00e9 un r\u00e9sum\u00e9 complet de l&#8217;atelier \u00abLe d\u00e9fi \u00e9nerg\u00e9tique des b\u00e2timents non r\u00e9sidentiels\u00bb, l&#8217;un des trois ateliers parall\u00e8les pr\u00e9sent\u00e9s et discut\u00e9s lors de la conf\u00e9rence.<\/p>\n","protected":false},"excerpt":{"rendered":"<p>Boydens Engineering a particip\u00e9 \u00e0 la \u00ab Vlaamse Confederatie Bouw \u00bb (Conf\u00e9d\u00e9ration flamande du b\u00e2timent), 10e Conf\u00e9rence de l&#8217;\u00e9nergie, o\u00f9 le th\u00e8me de la conf\u00e9rence de cette ann\u00e9e \u00e9tait \u00abConstruction et \u00e9nergie: avantages pour le client en raison de l&#8217;enveloppe &hellip; <a href=\"https:\/\/www.boydensvn.com\/fr\/wim-boydens-moderateur-la-10ieme-conference-de-lenergie-vcb\/\">Read more<\/a><\/p>\n","protected":false},"author":27,"featured_media":5334,"comment_status":"open","ping_status":"open","sticky":false,"template":"","format":"standard","meta":{"_acf_changed":false,"inline_featured_image":false,"footnotes":""},"categories":[19],"tags":[],"class_list":["post-5339","post","type-post","status-publish","format-standard","has-post-thumbnail","hentry","category-non-classifiee"],"acf":[],"yoast_head":"<!-- This site is optimized with the Yoast SEO plugin v26.2 - https:\/\/yoast.com\/wordpress\/plugins\/seo\/ -->\n<title>Wim Boydens mod\u00e9rateur \u00e0 la 10i\u00e8me Conf\u00e9rence de l&#039;\u00e9nergie VCB - Boydens Engineering<\/title>\n<meta name=\"robots\" content=\"index, follow, max-snippet:-1, max-image-preview:large, max-video-preview:-1\" \/>\n<link rel=\"canonical\" href=\"https:\/\/www.boydensvn.com\/fr\/wim-boydens-moderateur-la-10ieme-conference-de-lenergie-vcb\/\" \/>\n<meta property=\"og:locale\" content=\"fr_FR\" \/>\n<meta property=\"og:type\" content=\"article\" \/>\n<meta property=\"og:title\" content=\"Wim Boydens mod\u00e9rateur \u00e0 la 10i\u00e8me Conf\u00e9rence de l&#039;\u00e9nergie VCB - Boydens Engineering\" \/>\n<meta property=\"og:description\" content=\"Boydens Engineering a particip\u00e9 \u00e0 la \u00ab Vlaamse Confederatie Bouw \u00bb (Conf\u00e9d\u00e9ration flamande du b\u00e2timent), 10e Conf\u00e9rence de l&#8217;\u00e9nergie, o\u00f9 le th\u00e8me de la conf\u00e9rence de cette ann\u00e9e \u00e9tait \u00abConstruction et \u00e9nergie: avantages pour le client en raison de l&#8217;enveloppe &hellip; Read more\" \/>\n<meta property=\"og:url\" content=\"https:\/\/www.boydensvn.com\/fr\/wim-boydens-moderateur-la-10ieme-conference-de-lenergie-vcb\/\" \/>\n<meta property=\"og:site_name\" content=\"Boydens Engineering\" \/>\n<meta property=\"article:published_time\" content=\"2019-08-20T14:28:08+00:00\" \/>\n<meta property=\"og:image\" content=\"https:\/\/www.boydensvn.com\/wp-content\/uploads\/2019\/08\/Energy_event-37web.jpg\" \/>\n\t<meta property=\"og:image:width\" content=\"5000\" \/>\n\t<meta property=\"og:image:height\" content=\"3333\" \/>\n\t<meta property=\"og:image:type\" content=\"image\/jpeg\" \/>\n<meta name=\"author\" content=\"Trinh Tran Thi Doan\" \/>\n<meta name=\"twitter:card\" content=\"summary_large_image\" \/>\n<meta name=\"twitter:label1\" content=\"\u00c9crit par\" \/>\n\t<meta name=\"twitter:data1\" content=\"Trinh Tran Thi Doan\" \/>\n<script type=\"application\/ld+json\" class=\"yoast-schema-graph\">{\"@context\":\"https:\/\/schema.org\",\"@graph\":[{\"@type\":\"WebPage\",\"@id\":\"https:\/\/www.boydensvn.com\/fr\/wim-boydens-moderateur-la-10ieme-conference-de-lenergie-vcb\/\",\"url\":\"https:\/\/www.boydensvn.com\/fr\/wim-boydens-moderateur-la-10ieme-conference-de-lenergie-vcb\/\",\"name\":\"Wim Boydens mod\u00e9rateur \u00e0 la 10i\u00e8me Conf\u00e9rence de l'\u00e9nergie VCB - Boydens Engineering\",\"isPartOf\":{\"@id\":\"https:\/\/www.boydensvn.com\/#website\"},\"primaryImageOfPage\":{\"@id\":\"https:\/\/www.boydensvn.com\/fr\/wim-boydens-moderateur-la-10ieme-conference-de-lenergie-vcb\/#primaryimage\"},\"image\":{\"@id\":\"https:\/\/www.boydensvn.com\/fr\/wim-boydens-moderateur-la-10ieme-conference-de-lenergie-vcb\/#primaryimage\"},\"thumbnailUrl\":\"https:\/\/www.boydensvn.com\/wp-content\/uploads\/2019\/08\/Energy_event-37web.jpg\",\"datePublished\":\"2019-08-20T14:28:08+00:00\",\"author\":{\"@id\":\"https:\/\/www.boydensvn.com\/#\/schema\/person\/397c5fb0220de494f739b04000ac4793\"},\"breadcrumb\":{\"@id\":\"https:\/\/www.boydensvn.com\/fr\/wim-boydens-moderateur-la-10ieme-conference-de-lenergie-vcb\/#breadcrumb\"},\"inLanguage\":\"fr-FR\",\"potentialAction\":[{\"@type\":\"ReadAction\",\"target\":[\"https:\/\/www.boydensvn.com\/fr\/wim-boydens-moderateur-la-10ieme-conference-de-lenergie-vcb\/\"]}]},{\"@type\":\"ImageObject\",\"inLanguage\":\"fr-FR\",\"@id\":\"https:\/\/www.boydensvn.com\/fr\/wim-boydens-moderateur-la-10ieme-conference-de-lenergie-vcb\/#primaryimage\",\"url\":\"https:\/\/www.boydensvn.com\/wp-content\/uploads\/2019\/08\/Energy_event-37web.jpg\",\"contentUrl\":\"https:\/\/www.boydensvn.com\/wp-content\/uploads\/2019\/08\/Energy_event-37web.jpg\",\"width\":5000,\"height\":3333},{\"@type\":\"BreadcrumbList\",\"@id\":\"https:\/\/www.boydensvn.com\/fr\/wim-boydens-moderateur-la-10ieme-conference-de-lenergie-vcb\/#breadcrumb\",\"itemListElement\":[{\"@type\":\"ListItem\",\"position\":1,\"name\":\"Home\",\"item\":\"https:\/\/www.boydensvn.com\/fr\/\"},{\"@type\":\"ListItem\",\"position\":2,\"name\":\"Wim Boydens mod\u00e9rateur \u00e0 la 10i\u00e8me Conf\u00e9rence de l&#8217;\u00e9nergie VCB\"}]},{\"@type\":\"WebSite\",\"@id\":\"https:\/\/www.boydensvn.com\/#website\",\"url\":\"https:\/\/www.boydensvn.com\/\",\"name\":\"Boydens Engineering\",\"description\":\"\",\"potentialAction\":[{\"@type\":\"SearchAction\",\"target\":{\"@type\":\"EntryPoint\",\"urlTemplate\":\"https:\/\/www.boydensvn.com\/?s={search_term_string}\"},\"query-input\":{\"@type\":\"PropertyValueSpecification\",\"valueRequired\":true,\"valueName\":\"search_term_string\"}}],\"inLanguage\":\"fr-FR\"},{\"@type\":\"Person\",\"@id\":\"https:\/\/www.boydensvn.com\/#\/schema\/person\/397c5fb0220de494f739b04000ac4793\",\"name\":\"Trinh Tran Thi Doan\",\"image\":{\"@type\":\"ImageObject\",\"inLanguage\":\"fr-FR\",\"@id\":\"https:\/\/www.boydensvn.com\/#\/schema\/person\/image\/\",\"url\":\"https:\/\/secure.gravatar.com\/avatar\/7061137405fde045649e164ec15e6e9880bef3e2965b9eed414ff32226d13a0d?s=96&d=mm&r=g\",\"contentUrl\":\"https:\/\/secure.gravatar.com\/avatar\/7061137405fde045649e164ec15e6e9880bef3e2965b9eed414ff32226d13a0d?s=96&d=mm&r=g\",\"caption\":\"Trinh Tran Thi Doan\"}}]}<\/script>\n<!-- \/ Yoast SEO plugin. -->","yoast_head_json":{"title":"Wim Boydens mod\u00e9rateur \u00e0 la 10i\u00e8me Conf\u00e9rence de l'\u00e9nergie VCB - Boydens Engineering","robots":{"index":"index","follow":"follow","max-snippet":"max-snippet:-1","max-image-preview":"max-image-preview:large","max-video-preview":"max-video-preview:-1"},"canonical":"https:\/\/www.boydensvn.com\/fr\/wim-boydens-moderateur-la-10ieme-conference-de-lenergie-vcb\/","og_locale":"fr_FR","og_type":"article","og_title":"Wim Boydens mod\u00e9rateur \u00e0 la 10i\u00e8me Conf\u00e9rence de l'\u00e9nergie VCB - Boydens Engineering","og_description":"Boydens Engineering a particip\u00e9 \u00e0 la \u00ab Vlaamse Confederatie Bouw \u00bb (Conf\u00e9d\u00e9ration flamande du b\u00e2timent), 10e Conf\u00e9rence de l&#8217;\u00e9nergie, o\u00f9 le th\u00e8me de la conf\u00e9rence de cette ann\u00e9e \u00e9tait \u00abConstruction et \u00e9nergie: avantages pour le client en raison de l&#8217;enveloppe &hellip; Read more","og_url":"https:\/\/www.boydensvn.com\/fr\/wim-boydens-moderateur-la-10ieme-conference-de-lenergie-vcb\/","og_site_name":"Boydens Engineering","article_published_time":"2019-08-20T14:28:08+00:00","og_image":[{"width":5000,"height":3333,"url":"https:\/\/www.boydensvn.com\/wp-content\/uploads\/2019\/08\/Energy_event-37web.jpg","type":"image\/jpeg"}],"author":"Trinh Tran Thi Doan","twitter_card":"summary_large_image","twitter_misc":{"\u00c9crit par":"Trinh Tran Thi Doan"},"schema":{"@context":"https:\/\/schema.org","@graph":[{"@type":"WebPage","@id":"https:\/\/www.boydensvn.com\/fr\/wim-boydens-moderateur-la-10ieme-conference-de-lenergie-vcb\/","url":"https:\/\/www.boydensvn.com\/fr\/wim-boydens-moderateur-la-10ieme-conference-de-lenergie-vcb\/","name":"Wim Boydens mod\u00e9rateur \u00e0 la 10i\u00e8me Conf\u00e9rence de l'\u00e9nergie VCB - Boydens Engineering","isPartOf":{"@id":"https:\/\/www.boydensvn.com\/#website"},"primaryImageOfPage":{"@id":"https:\/\/www.boydensvn.com\/fr\/wim-boydens-moderateur-la-10ieme-conference-de-lenergie-vcb\/#primaryimage"},"image":{"@id":"https:\/\/www.boydensvn.com\/fr\/wim-boydens-moderateur-la-10ieme-conference-de-lenergie-vcb\/#primaryimage"},"thumbnailUrl":"https:\/\/www.boydensvn.com\/wp-content\/uploads\/2019\/08\/Energy_event-37web.jpg","datePublished":"2019-08-20T14:28:08+00:00","author":{"@id":"https:\/\/www.boydensvn.com\/#\/schema\/person\/397c5fb0220de494f739b04000ac4793"},"breadcrumb":{"@id":"https:\/\/www.boydensvn.com\/fr\/wim-boydens-moderateur-la-10ieme-conference-de-lenergie-vcb\/#breadcrumb"},"inLanguage":"fr-FR","potentialAction":[{"@type":"ReadAction","target":["https:\/\/www.boydensvn.com\/fr\/wim-boydens-moderateur-la-10ieme-conference-de-lenergie-vcb\/"]}]},{"@type":"ImageObject","inLanguage":"fr-FR","@id":"https:\/\/www.boydensvn.com\/fr\/wim-boydens-moderateur-la-10ieme-conference-de-lenergie-vcb\/#primaryimage","url":"https:\/\/www.boydensvn.com\/wp-content\/uploads\/2019\/08\/Energy_event-37web.jpg","contentUrl":"https:\/\/www.boydensvn.com\/wp-content\/uploads\/2019\/08\/Energy_event-37web.jpg","width":5000,"height":3333},{"@type":"BreadcrumbList","@id":"https:\/\/www.boydensvn.com\/fr\/wim-boydens-moderateur-la-10ieme-conference-de-lenergie-vcb\/#breadcrumb","itemListElement":[{"@type":"ListItem","position":1,"name":"Home","item":"https:\/\/www.boydensvn.com\/fr\/"},{"@type":"ListItem","position":2,"name":"Wim Boydens mod\u00e9rateur \u00e0 la 10i\u00e8me Conf\u00e9rence de l&#8217;\u00e9nergie VCB"}]},{"@type":"WebSite","@id":"https:\/\/www.boydensvn.com\/#website","url":"https:\/\/www.boydensvn.com\/","name":"Boydens Engineering","description":"","potentialAction":[{"@type":"SearchAction","target":{"@type":"EntryPoint","urlTemplate":"https:\/\/www.boydensvn.com\/?s={search_term_string}"},"query-input":{"@type":"PropertyValueSpecification","valueRequired":true,"valueName":"search_term_string"}}],"inLanguage":"fr-FR"},{"@type":"Person","@id":"https:\/\/www.boydensvn.com\/#\/schema\/person\/397c5fb0220de494f739b04000ac4793","name":"Trinh Tran Thi Doan","image":{"@type":"ImageObject","inLanguage":"fr-FR","@id":"https:\/\/www.boydensvn.com\/#\/schema\/person\/image\/","url":"https:\/\/secure.gravatar.com\/avatar\/7061137405fde045649e164ec15e6e9880bef3e2965b9eed414ff32226d13a0d?s=96&d=mm&r=g","contentUrl":"https:\/\/secure.gravatar.com\/avatar\/7061137405fde045649e164ec15e6e9880bef3e2965b9eed414ff32226d13a0d?s=96&d=mm&r=g","caption":"Trinh Tran Thi Doan"}}]}},"_links":{"self":[{"href":"https:\/\/www.boydensvn.com\/fr\/wp-json\/wp\/v2\/posts\/5339","targetHints":{"allow":["GET"]}}],"collection":[{"href":"https:\/\/www.boydensvn.com\/fr\/wp-json\/wp\/v2\/posts"}],"about":[{"href":"https:\/\/www.boydensvn.com\/fr\/wp-json\/wp\/v2\/types\/post"}],"author":[{"embeddable":true,"href":"https:\/\/www.boydensvn.com\/fr\/wp-json\/wp\/v2\/users\/27"}],"replies":[{"embeddable":true,"href":"https:\/\/www.boydensvn.com\/fr\/wp-json\/wp\/v2\/comments?post=5339"}],"version-history":[{"count":1,"href":"https:\/\/www.boydensvn.com\/fr\/wp-json\/wp\/v2\/posts\/5339\/revisions"}],"predecessor-version":[{"id":5340,"href":"https:\/\/www.boydensvn.com\/fr\/wp-json\/wp\/v2\/posts\/5339\/revisions\/5340"}],"wp:featuredmedia":[{"embeddable":true,"href":"https:\/\/www.boydensvn.com\/fr\/wp-json\/wp\/v2\/media\/5334"}],"wp:attachment":[{"href":"https:\/\/www.boydensvn.com\/fr\/wp-json\/wp\/v2\/media?parent=5339"}],"wp:term":[{"taxonomy":"category","embeddable":true,"href":"https:\/\/www.boydensvn.com\/fr\/wp-json\/wp\/v2\/categories?post=5339"},{"taxonomy":"post_tag","embeddable":true,"href":"https:\/\/www.boydensvn.com\/fr\/wp-json\/wp\/v2\/tags?post=5339"}],"curies":[{"name":"wp","href":"https:\/\/api.w.org\/{rel}","templated":true}]}}