{"id":13949,"date":"2022-01-20T17:40:35","date_gmt":"2022-01-20T10:40:35","guid":{"rendered":"https:\/\/www.boydensvn.com\/?p=13949"},"modified":"2022-01-20T17:42:34","modified_gmt":"2022-01-20T10:42:34","slug":"trois-projets-belges-dans-la-shortlist-du-eu-mies-award-2022","status":"publish","type":"post","link":"https:\/\/www.boydensvn.com\/fr\/trois-projets-belges-dans-la-shortlist-du-eu-mies-award-2022\/","title":{"rendered":"Trois projets belges dans la shortlist du EU Mies Award 2022"},"content":{"rendered":"\n<p><p><strong>La Commission Europ\u00e9enne et la Fundaci\u00f3 Mies van der Rohe viennent de publier la liste des 40 projets susceptibles de remporter le prestigieux EU Mies Award 2022. Sur les 26 projets initialement nomin\u00e9s, 3 font partie de cette shortlist :&nbsp;Melopee (Gand)&nbsp;de&nbsp;<a href=\"https:\/\/xdga.be\/\" target=\"_blank\" rel=\"noreferrer noopener\">Xaveer De Geyter Architects<\/a>, la Gare Maritime (Bruxelles) de&nbsp;<a href=\"https:\/\/neutelings-riedijk.com\/\" target=\"_blank\" rel=\"noreferrer noopener\">Neutelings Riedijk Architects<\/a>&nbsp;en collaboration avec&nbsp;<a href=\"https:\/\/b-b.be\/fr\" target=\"_blank\" rel=\"noreferrer noopener\">Bureau Bouwtechniek<\/a>&nbsp;et&nbsp;<a href=\"https:\/\/altstadt.brussels\/\" target=\"_blank\" rel=\"noreferrer noopener\">JDMA<\/a>, et Z33 House for Contemporary Art, Design &amp; Architecture (Hasselt) de l&#8217;architecte italienne&nbsp;<a href=\"http:\/\/www.francescatorzo.it\/\" target=\"_blank\" rel=\"noreferrer noopener\">Francesca Torzo<\/a>.<\/strong><\/p><br><\/p>\n\n\n\n<p>Dans cette&nbsp;<a href=\"https:\/\/www.miesarch.com\/edition\/2022\/shortlisted\" target=\"_blank\" rel=\"noreferrer noopener\">shortlist<\/a>&nbsp;de 40 projets &#8211; sur 532 projets nomin\u00e9s &#8211; on trouve des projets \u00e9manant de 18 pays&nbsp;: l&#8217;Espagne, l&#8217;Autriche et la France sont les mieux repr\u00e9sent\u00e9es avec 5 projets chacune. Les 5 grands finalistes seront connus en f\u00e9vrier prochain et les laur\u00e9ats en avril.<\/p>\n\n\n\n<p>Les sept membres du jury &#8211;&nbsp;Tatiana Bilbao&nbsp;(pr\u00e9sidente), Francesca Ferguson, Mia H\u00e4gg, Triin Ojari, Georg Pendl, Spiros Pengas et le Belge Marcel Smets \u2013 ont donc s\u00e9lectionn\u00e9 les 40 projets qui, selon eux, mettent en lumi\u00e8re les tendances architecturales de l&#8217;architecture europ\u00e9enne contemporaine, en insistant sur l&#8217;inclusion sociale, la durabilit\u00e9, la circularit\u00e9 et la recheche esth\u00e9tique.&nbsp;<\/p>\n\n\n\n<p><p>Les projets belges faisant partie de la shortlist &#8211; <a href=\"https:\/\/www.boydensvn.com\/fr\/projects\/enseignement\/melopee-ghent\/\">Melopee<\/a>, <a href=\"https:\/\/www.boydensvn.com\/fr\/projects\/developpement-urbain\/gare-maritime\/\">Gare Maritime<\/a> et la nouvelle aile du Z33 &#8211; sont tout sauf des surprises, car ils sont r\u00e9guli\u00e8rement repris dans les shorlists\u00a0ou vainqueurs\u00a0d&#8217;autres concours.<\/p><br><\/p>\n\n\n\n<p><p><strong>26 projets belges nomin\u00e9s<\/strong><br><br>Parmi les 532 projets nomin\u00e9s, on relevait la pr\u00e9sence de 26 projets belges, un peu plus que lors de la pr\u00e9c\u00e9dente \u00e9dition du prix,&nbsp;en 2019 (21 nominations). Il y a un peu plus de deux ans, deux projets belges avaient atteint la &#8216;finale&#8217; :&nbsp;PC Caritas (Melle) des&nbsp;<a href=\"http:\/\/www.architectendvvt.com\/\" target=\"_blank\" rel=\"noreferrer noopener\">architecten de vylder vinck taillieu<\/a>&nbsp;et la Place Skanderbeg (Tirana, Albanie) de&nbsp;<a href=\"https:\/\/www.51n4e.com\/\" target=\"_blank\" rel=\"noreferrer noopener\">51N4E<\/a>,&nbsp;<a href=\"http:\/\/www.plantenhoutgoed.be\/nl\" target=\"_blank\" rel=\"noreferrer noopener\">Plant en Houtgoed<\/a>, Anri Sala et&nbsp;iRI. La construction de 530 logements &#8211; un projet appel\u00e9 &#8216;Grand Parc Bordeaux&#8217; &#8211;&nbsp; de&nbsp;<a href=\"https:\/\/www.lacatonvassal.com\/\" target=\"_blank\" rel=\"noreferrer noopener\">Lacaton &amp; Vassal-architectes<\/a>;&nbsp;<a href=\"http:\/\/www.druot.net\/\" target=\"_blank\" rel=\"noreferrer noopener\">Fr\u00e9d\u00e9ric Druot Architecture<\/a>&nbsp;et&nbsp;<a href=\"https:\/\/www.christophehutin.com\/\" target=\"_blank\" rel=\"noreferrer noopener\">Christophe Hutin Architecture<\/a>&nbsp;avait alors remport\u00e9 le premier prix.<\/p><br><\/p>\n\n\n\n<p>Source: <a href=\"https:\/\/www.architectura.be\/fr\/actualite\/53324\/trois-projets-belges-dans-la-shortlist-du-eu-mies-award-2022\">Trois projets belges dans la shortlist du EU Mies Award 2022 | architectura.be<\/a><\/p>\n","protected":false},"excerpt":{"rendered":"<p>La Commission Europ\u00e9enne et la Fundaci\u00f3 Mies van der Rohe viennent de publier la liste des 40 projets susceptibles de remporter le prestigieux EU Mies Award 2022. Sur les 26 projets initialement nomin\u00e9s, 3 font partie de cette shortlist :&nbsp;Melopee &hellip; <a href=\"https:\/\/www.boydensvn.com\/fr\/trois-projets-belges-dans-la-shortlist-du-eu-mies-award-2022\/\">Read more<\/a><\/p>\n","protected":false},"author":27,"featured_media":11623,"comment_status":"open","ping_status":"open","sticky":false,"template":"","format":"standard","meta":{"_acf_changed":false,"inline_featured_image":false,"footnotes":""},"categories":[19],"tags":[],"class_list":["post-13949","post","type-post","status-publish","format-standard","has-post-thumbnail","hentry","category-non-classifiee"],"acf":[],"yoast_head":"<!-- This site is optimized with the Yoast SEO plugin v26.2 - https:\/\/yoast.com\/wordpress\/plugins\/seo\/ -->\n<title>Trois projets belges dans la shortlist du EU Mies Award 2022 - Boydens Engineering<\/title>\n<meta name=\"robots\" content=\"index, follow, max-snippet:-1, max-image-preview:large, max-video-preview:-1\" \/>\n<link rel=\"canonical\" href=\"https:\/\/www.boydensvn.com\/fr\/trois-projets-belges-dans-la-shortlist-du-eu-mies-award-2022\/\" \/>\n<meta property=\"og:locale\" content=\"fr_FR\" \/>\n<meta property=\"og:type\" content=\"article\" \/>\n<meta property=\"og:title\" content=\"Trois projets belges dans la shortlist du EU Mies Award 2022 - Boydens Engineering\" \/>\n<meta property=\"og:description\" content=\"La Commission Europ\u00e9enne et la Fundaci\u00f3 Mies van der Rohe viennent de publier la liste des 40 projets susceptibles de remporter le prestigieux EU Mies Award 2022. Sur les 26 projets initialement nomin\u00e9s, 3 font partie de cette shortlist :&nbsp;Melopee &hellip; Read more\" \/>\n<meta property=\"og:url\" content=\"https:\/\/www.boydensvn.com\/fr\/trois-projets-belges-dans-la-shortlist-du-eu-mies-award-2022\/\" \/>\n<meta property=\"og:site_name\" content=\"Boydens Engineering\" \/>\n<meta property=\"article:published_time\" content=\"2022-01-20T10:40:35+00:00\" \/>\n<meta property=\"article:modified_time\" content=\"2022-01-20T10:42:34+00:00\" \/>\n<meta property=\"og:image\" content=\"https:\/\/www.boydensvn.com\/wp-content\/uploads\/2016\/09\/02-Gare-Maritime-NRA_FilipDujardin-HR-min-5-scaled.jpg\" \/>\n\t<meta property=\"og:image:width\" content=\"2560\" \/>\n\t<meta property=\"og:image:height\" content=\"1282\" \/>\n\t<meta property=\"og:image:type\" content=\"image\/jpeg\" \/>\n<meta name=\"author\" content=\"Trinh Tran Thi Doan\" \/>\n<meta name=\"twitter:card\" content=\"summary_large_image\" \/>\n<meta name=\"twitter:label1\" content=\"\u00c9crit par\" \/>\n\t<meta name=\"twitter:data1\" content=\"Trinh Tran Thi Doan\" \/>\n\t<meta name=\"twitter:label2\" content=\"Dur\u00e9e de lecture estim\u00e9e\" \/>\n\t<meta name=\"twitter:data2\" content=\"2 minutes\" \/>\n<script type=\"application\/ld+json\" class=\"yoast-schema-graph\">{\"@context\":\"https:\/\/schema.org\",\"@graph\":[{\"@type\":\"WebPage\",\"@id\":\"https:\/\/www.boydensvn.com\/fr\/trois-projets-belges-dans-la-shortlist-du-eu-mies-award-2022\/\",\"url\":\"https:\/\/www.boydensvn.com\/fr\/trois-projets-belges-dans-la-shortlist-du-eu-mies-award-2022\/\",\"name\":\"Trois projets belges dans la shortlist du EU Mies Award 2022 - Boydens Engineering\",\"isPartOf\":{\"@id\":\"https:\/\/www.boydensvn.com\/#website\"},\"primaryImageOfPage\":{\"@id\":\"https:\/\/www.boydensvn.com\/fr\/trois-projets-belges-dans-la-shortlist-du-eu-mies-award-2022\/#primaryimage\"},\"image\":{\"@id\":\"https:\/\/www.boydensvn.com\/fr\/trois-projets-belges-dans-la-shortlist-du-eu-mies-award-2022\/#primaryimage\"},\"thumbnailUrl\":\"https:\/\/www.boydensvn.com\/wp-content\/uploads\/2016\/09\/02-Gare-Maritime-NRA_FilipDujardin-HR-min-5-scaled.jpg\",\"datePublished\":\"2022-01-20T10:40:35+00:00\",\"dateModified\":\"2022-01-20T10:42:34+00:00\",\"author\":{\"@id\":\"https:\/\/www.boydensvn.com\/#\/schema\/person\/397c5fb0220de494f739b04000ac4793\"},\"breadcrumb\":{\"@id\":\"https:\/\/www.boydensvn.com\/fr\/trois-projets-belges-dans-la-shortlist-du-eu-mies-award-2022\/#breadcrumb\"},\"inLanguage\":\"fr-FR\",\"potentialAction\":[{\"@type\":\"ReadAction\",\"target\":[\"https:\/\/www.boydensvn.com\/fr\/trois-projets-belges-dans-la-shortlist-du-eu-mies-award-2022\/\"]}]},{\"@type\":\"ImageObject\",\"inLanguage\":\"fr-FR\",\"@id\":\"https:\/\/www.boydensvn.com\/fr\/trois-projets-belges-dans-la-shortlist-du-eu-mies-award-2022\/#primaryimage\",\"url\":\"https:\/\/www.boydensvn.com\/wp-content\/uploads\/2016\/09\/02-Gare-Maritime-NRA_FilipDujardin-HR-min-5-scaled.jpg\",\"contentUrl\":\"https:\/\/www.boydensvn.com\/wp-content\/uploads\/2016\/09\/02-Gare-Maritime-NRA_FilipDujardin-HR-min-5-scaled.jpg\",\"width\":2560,\"height\":1282},{\"@type\":\"BreadcrumbList\",\"@id\":\"https:\/\/www.boydensvn.com\/fr\/trois-projets-belges-dans-la-shortlist-du-eu-mies-award-2022\/#breadcrumb\",\"itemListElement\":[{\"@type\":\"ListItem\",\"position\":1,\"name\":\"Home\",\"item\":\"https:\/\/www.boydensvn.com\/fr\/\"},{\"@type\":\"ListItem\",\"position\":2,\"name\":\"Trois projets belges dans la shortlist du EU Mies Award 2022\"}]},{\"@type\":\"WebSite\",\"@id\":\"https:\/\/www.boydensvn.com\/#website\",\"url\":\"https:\/\/www.boydensvn.com\/\",\"name\":\"Boydens Engineering\",\"description\":\"\",\"potentialAction\":[{\"@type\":\"SearchAction\",\"target\":{\"@type\":\"EntryPoint\",\"urlTemplate\":\"https:\/\/www.boydensvn.com\/?s={search_term_string}\"},\"query-input\":{\"@type\":\"PropertyValueSpecification\",\"valueRequired\":true,\"valueName\":\"search_term_string\"}}],\"inLanguage\":\"fr-FR\"},{\"@type\":\"Person\",\"@id\":\"https:\/\/www.boydensvn.com\/#\/schema\/person\/397c5fb0220de494f739b04000ac4793\",\"name\":\"Trinh Tran Thi Doan\",\"image\":{\"@type\":\"ImageObject\",\"inLanguage\":\"fr-FR\",\"@id\":\"https:\/\/www.boydensvn.com\/#\/schema\/person\/image\/\",\"url\":\"https:\/\/secure.gravatar.com\/avatar\/7061137405fde045649e164ec15e6e9880bef3e2965b9eed414ff32226d13a0d?s=96&d=mm&r=g\",\"contentUrl\":\"https:\/\/secure.gravatar.com\/avatar\/7061137405fde045649e164ec15e6e9880bef3e2965b9eed414ff32226d13a0d?s=96&d=mm&r=g\",\"caption\":\"Trinh Tran Thi Doan\"}}]}<\/script>\n<!-- \/ Yoast SEO plugin. -->","yoast_head_json":{"title":"Trois projets belges dans la shortlist du EU Mies Award 2022 - Boydens Engineering","robots":{"index":"index","follow":"follow","max-snippet":"max-snippet:-1","max-image-preview":"max-image-preview:large","max-video-preview":"max-video-preview:-1"},"canonical":"https:\/\/www.boydensvn.com\/fr\/trois-projets-belges-dans-la-shortlist-du-eu-mies-award-2022\/","og_locale":"fr_FR","og_type":"article","og_title":"Trois projets belges dans la shortlist du EU Mies Award 2022 - Boydens Engineering","og_description":"La Commission Europ\u00e9enne et la Fundaci\u00f3 Mies van der Rohe viennent de publier la liste des 40 projets susceptibles de remporter le prestigieux EU Mies Award 2022. Sur les 26 projets initialement nomin\u00e9s, 3 font partie de cette shortlist :&nbsp;Melopee &hellip; Read more","og_url":"https:\/\/www.boydensvn.com\/fr\/trois-projets-belges-dans-la-shortlist-du-eu-mies-award-2022\/","og_site_name":"Boydens Engineering","article_published_time":"2022-01-20T10:40:35+00:00","article_modified_time":"2022-01-20T10:42:34+00:00","og_image":[{"width":2560,"height":1282,"url":"https:\/\/www.boydensvn.com\/wp-content\/uploads\/2016\/09\/02-Gare-Maritime-NRA_FilipDujardin-HR-min-5-scaled.jpg","type":"image\/jpeg"}],"author":"Trinh Tran Thi Doan","twitter_card":"summary_large_image","twitter_misc":{"\u00c9crit par":"Trinh Tran Thi Doan","Dur\u00e9e de lecture estim\u00e9e":"2 minutes"},"schema":{"@context":"https:\/\/schema.org","@graph":[{"@type":"WebPage","@id":"https:\/\/www.boydensvn.com\/fr\/trois-projets-belges-dans-la-shortlist-du-eu-mies-award-2022\/","url":"https:\/\/www.boydensvn.com\/fr\/trois-projets-belges-dans-la-shortlist-du-eu-mies-award-2022\/","name":"Trois projets belges dans la shortlist du EU Mies Award 2022 - Boydens Engineering","isPartOf":{"@id":"https:\/\/www.boydensvn.com\/#website"},"primaryImageOfPage":{"@id":"https:\/\/www.boydensvn.com\/fr\/trois-projets-belges-dans-la-shortlist-du-eu-mies-award-2022\/#primaryimage"},"image":{"@id":"https:\/\/www.boydensvn.com\/fr\/trois-projets-belges-dans-la-shortlist-du-eu-mies-award-2022\/#primaryimage"},"thumbnailUrl":"https:\/\/www.boydensvn.com\/wp-content\/uploads\/2016\/09\/02-Gare-Maritime-NRA_FilipDujardin-HR-min-5-scaled.jpg","datePublished":"2022-01-20T10:40:35+00:00","dateModified":"2022-01-20T10:42:34+00:00","author":{"@id":"https:\/\/www.boydensvn.com\/#\/schema\/person\/397c5fb0220de494f739b04000ac4793"},"breadcrumb":{"@id":"https:\/\/www.boydensvn.com\/fr\/trois-projets-belges-dans-la-shortlist-du-eu-mies-award-2022\/#breadcrumb"},"inLanguage":"fr-FR","potentialAction":[{"@type":"ReadAction","target":["https:\/\/www.boydensvn.com\/fr\/trois-projets-belges-dans-la-shortlist-du-eu-mies-award-2022\/"]}]},{"@type":"ImageObject","inLanguage":"fr-FR","@id":"https:\/\/www.boydensvn.com\/fr\/trois-projets-belges-dans-la-shortlist-du-eu-mies-award-2022\/#primaryimage","url":"https:\/\/www.boydensvn.com\/wp-content\/uploads\/2016\/09\/02-Gare-Maritime-NRA_FilipDujardin-HR-min-5-scaled.jpg","contentUrl":"https:\/\/www.boydensvn.com\/wp-content\/uploads\/2016\/09\/02-Gare-Maritime-NRA_FilipDujardin-HR-min-5-scaled.jpg","width":2560,"height":1282},{"@type":"BreadcrumbList","@id":"https:\/\/www.boydensvn.com\/fr\/trois-projets-belges-dans-la-shortlist-du-eu-mies-award-2022\/#breadcrumb","itemListElement":[{"@type":"ListItem","position":1,"name":"Home","item":"https:\/\/www.boydensvn.com\/fr\/"},{"@type":"ListItem","position":2,"name":"Trois projets belges dans la shortlist du EU Mies Award 2022"}]},{"@type":"WebSite","@id":"https:\/\/www.boydensvn.com\/#website","url":"https:\/\/www.boydensvn.com\/","name":"Boydens Engineering","description":"","potentialAction":[{"@type":"SearchAction","target":{"@type":"EntryPoint","urlTemplate":"https:\/\/www.boydensvn.com\/?s={search_term_string}"},"query-input":{"@type":"PropertyValueSpecification","valueRequired":true,"valueName":"search_term_string"}}],"inLanguage":"fr-FR"},{"@type":"Person","@id":"https:\/\/www.boydensvn.com\/#\/schema\/person\/397c5fb0220de494f739b04000ac4793","name":"Trinh Tran Thi Doan","image":{"@type":"ImageObject","inLanguage":"fr-FR","@id":"https:\/\/www.boydensvn.com\/#\/schema\/person\/image\/","url":"https:\/\/secure.gravatar.com\/avatar\/7061137405fde045649e164ec15e6e9880bef3e2965b9eed414ff32226d13a0d?s=96&d=mm&r=g","contentUrl":"https:\/\/secure.gravatar.com\/avatar\/7061137405fde045649e164ec15e6e9880bef3e2965b9eed414ff32226d13a0d?s=96&d=mm&r=g","caption":"Trinh Tran Thi Doan"}}]}},"_links":{"self":[{"href":"https:\/\/www.boydensvn.com\/fr\/wp-json\/wp\/v2\/posts\/13949","targetHints":{"allow":["GET"]}}],"collection":[{"href":"https:\/\/www.boydensvn.com\/fr\/wp-json\/wp\/v2\/posts"}],"about":[{"href":"https:\/\/www.boydensvn.com\/fr\/wp-json\/wp\/v2\/types\/post"}],"author":[{"embeddable":true,"href":"https:\/\/www.boydensvn.com\/fr\/wp-json\/wp\/v2\/users\/27"}],"replies":[{"embeddable":true,"href":"https:\/\/www.boydensvn.com\/fr\/wp-json\/wp\/v2\/comments?post=13949"}],"version-history":[{"count":5,"href":"https:\/\/www.boydensvn.com\/fr\/wp-json\/wp\/v2\/posts\/13949\/revisions"}],"predecessor-version":[{"id":13954,"href":"https:\/\/www.boydensvn.com\/fr\/wp-json\/wp\/v2\/posts\/13949\/revisions\/13954"}],"wp:featuredmedia":[{"embeddable":true,"href":"https:\/\/www.boydensvn.com\/fr\/wp-json\/wp\/v2\/media\/11623"}],"wp:attachment":[{"href":"https:\/\/www.boydensvn.com\/fr\/wp-json\/wp\/v2\/media?parent=13949"}],"wp:term":[{"taxonomy":"category","embeddable":true,"href":"https:\/\/www.boydensvn.com\/fr\/wp-json\/wp\/v2\/categories?post=13949"},{"taxonomy":"post_tag","embeddable":true,"href":"https:\/\/www.boydensvn.com\/fr\/wp-json\/wp\/v2\/tags?post=13949"}],"curies":[{"name":"wp","href":"https:\/\/api.w.org\/{rel}","templated":true}]}}