{"id":11272,"date":"2020-11-30T19:54:00","date_gmt":"2020-11-30T12:54:00","guid":{"rendered":"https:\/\/www.boydensvn.com\/?p=11272"},"modified":"2020-11-30T19:54:00","modified_gmt":"2020-11-30T12:54:00","slug":"le-projet-du-nouveau-musee-juif-de-belgique-demarre-2","status":"publish","type":"post","link":"https:\/\/www.boydensvn.com\/fr\/le-projet-du-nouveau-musee-juif-de-belgique-demarre-2\/","title":{"rendered":"Le projet du nouveau Mus\u00e9e juif de Belgique d\u00e9marre"},"content":{"rendered":"<p><strong>La s\u00e9lection du bureau d\u2019architectes pour la r\u00e9novation du Mus\u00e9e juif de Belgique est finalis\u00e9e\u00a0et le laur\u00e9at est connu. Beliris, le maitre d\u2019ouvrage public bruxellois, a analys\u00e9 les candidats\u00a0en concertation avec le mus\u00e9e, repr\u00e9sent\u00e9 par son pr\u00e9sident Philippe Blondin, et le ma\u00eetre-architecte\u00a0bruxellois. L\u2019association\u00a0<a href=\"https:\/\/tabarchitects.be\/\" target=\"_blank\" rel=\"noopener noreferrer\">Tab Architects<\/a>\u00a0(Gand),\u00a0<a href=\"https:\/\/barozziveiga.com\/\" target=\"_blank\" rel=\"noopener noreferrer\">Barozzi Veiga<\/a>\u00a0(Barcelone) et Barbara Van der Wee a\u00a0remport\u00e9 le march\u00e9.<\/strong><br \/>\n<\/br><br \/>\n<\/br><br \/>\nLe projet laur\u00e9at poursuit 3 objectifs : une architecture int\u00e9gr\u00e9e dans son environnement, coh\u00e9rente avec le contexte historique et offrant l\u2019am\u00e9nagement le plus fonctionnel pour le mus\u00e9e.<br \/>\n<\/br><br \/>\n<\/br><br \/>\nLe b\u00e2timent s\u2019organisera sur 6 \u00e9tages, de pr\u00e8s de 300 m2 chacun. Les espaces, aujourd\u2019hui exigus et cloisonn\u00e9s, seront totalement restructur\u00e9s et ouverts pour faciliter la circulation des visiteurs et cr\u00e9er une sc\u00e9nographie qui suscite int\u00e9r\u00eat et \u00e9motion. Des interventions am\u00e9liorent aussi la pr\u00e9vention contre l\u2019incendie et la s\u00e9curit\u00e9 des lieux.<br \/>\n<\/br><br \/>\n<\/br><br \/>\nAu rez-de-chauss\u00e9e, le b\u00e2timent s\u2019ouvrira sur le quartier. Trois grandes vitrines, clin d\u2019oeil au pass\u00e9 du b\u00e2timent qui abritait des boutiques, permettront une interaction avec les passants. On y retrouvera un grand foyer avec billetterie et boutique, un patio avec un caf\u00e9 \u00e0 l\u2019arri\u00e8re et une liaison couverte vers un second b\u00e2timent. Sous le b\u00e2timent et le patio, une salle de 360 m\u00b2 accueillera les expositions temporaires. L\u2019exposition permanente sera r\u00e9partie du 1er au 4e \u00e9tage.<br \/>\n<\/br><br \/>\n<\/br><br \/>\nL\u2019am\u00e9nagement int\u00e9rieur sera sobre et souple pour s\u2019adapter \u00e0 la sc\u00e9nographie du mus\u00e9e. La conservation des archives, objets, livres pr\u00e9cieux et oeuvres d\u2019art sera am\u00e9lior\u00e9e, notamment gr\u00e2ce \u00e0 un \u00e9clairage optimalis\u00e9 et au contr\u00f4le de la temp\u00e9rature et de l\u2019humidit\u00e9 des locaux.<br \/>\n<\/br><br \/>\n<\/br><br \/>\nLe nouveau volume poursuit \u00e0 la fois \u00e0 l\u2019esprit de l\u2019architecture existante et se distingue par sa conception \u00e9pur\u00e9e. Cet espace comprendra une salle polyvalente pour 250 personnes et offrira, avec sa loggia et sa terrasse, un magnifique panorama sur Bruxelles. Visible de la rue, il suscitera l\u2019int\u00e9r\u00eat des passants pour les activit\u00e9s du mus\u00e9e.<br \/>\n<\/br><br \/>\n<\/br><br \/>\nLe nouveau mus\u00e9e sera aussi durable avec une grande efficacit\u00e9 \u00e9nerg\u00e9tique, un climat sain et un meilleur confort. Des toitures vertes, l\u2019utilisation de mat\u00e9riaux durables et la facilit\u00e9 d\u2019entretien sont int\u00e9gr\u00e9es au projet.<br \/>\n<\/br><br \/>\n<\/br><br \/>\nLe bureau s\u00e9lectionn\u00e9 pour concevoir le projet est une collaboration entre 3 cabinets d\u2019architectes : Tab Architects, Barozzi Veiga, et Barbara der Wee. Tab Architects, bureau gantois, a \u00e9t\u00e9 s\u00e9lectionn\u00e9 en 2019 comme jeune concepteur prometteur par le ma\u00eetre-architecte de Gand. Barozzi Veiga, agence de Barcelone de renomm\u00e9e internationale, compte de nombreux mus\u00e9es \u00e0 son palmar\u00e8s et a remport\u00e9 de nombreux concours d\u2019architecture. Barbara Van der Wee compl\u00e8te l\u2019\u00e9quipe en tant qu\u2019experte en restauration, r\u00e9affectation et modernisation de b\u00e2timents historiques.<br \/>\n<\/br><br \/>\n<\/br><br \/>\nBeliris, la F\u00e9d\u00e9ration Wallonie-Bruxelles et le Mus\u00e9e juif de Belgique financent ensemble le projet. Ce projet architectural rejoint la vision d\u2019ouverture du mus\u00e9e comme lieu culturel, artistique, vivant et dynamique qui promeut la connaissance et la compr\u00e9hension de l\u2019histoire, de la religion et des cultures juives \u00e0 travers des expositions tourn\u00e9es vers le partage, la d\u00e9couverte et l\u2019accessibilit\u00e9 \u00e0 tous les publics.<br \/>\n<\/br><br \/>\n<\/br><br \/>\n<a href=\"https:\/\/www.architectura.be\/fr\/actualite\/info-projet\/50067\/le-projet-du-nouveau-musee-juif-de-belgique-demarre\">Le projet du nouveau Mus\u00e9e juif de Belgique d\u00e9marre | architectura.be<\/a><\/p>\n","protected":false},"excerpt":{"rendered":"<p>La s\u00e9lection du bureau d\u2019architectes pour la r\u00e9novation du Mus\u00e9e juif de Belgique est finalis\u00e9e\u00a0et le laur\u00e9at est connu. Beliris, le maitre d\u2019ouvrage public bruxellois, a analys\u00e9 les candidats\u00a0en concertation avec le mus\u00e9e, repr\u00e9sent\u00e9 par son pr\u00e9sident Philippe Blondin, et &hellip; <a href=\"https:\/\/www.boydensvn.com\/fr\/le-projet-du-nouveau-musee-juif-de-belgique-demarre-2\/\">Read more<\/a><\/p>\n","protected":false},"author":27,"featured_media":11236,"comment_status":"open","ping_status":"open","sticky":false,"template":"","format":"standard","meta":{"_acf_changed":false,"inline_featured_image":false,"footnotes":""},"categories":[19],"tags":[],"class_list":["post-11272","post","type-post","status-publish","format-standard","has-post-thumbnail","hentry","category-non-classifiee"],"acf":[],"yoast_head":"<!-- This site is optimized with the Yoast SEO plugin v26.2 - https:\/\/yoast.com\/wordpress\/plugins\/seo\/ -->\n<title>Le projet du nouveau Mus\u00e9e juif de Belgique d\u00e9marre - Boydens Engineering<\/title>\n<meta name=\"robots\" content=\"index, follow, max-snippet:-1, max-image-preview:large, max-video-preview:-1\" \/>\n<link rel=\"canonical\" href=\"https:\/\/www.boydensvn.com\/fr\/le-projet-du-nouveau-musee-juif-de-belgique-demarre-2\/\" \/>\n<meta property=\"og:locale\" content=\"fr_FR\" \/>\n<meta property=\"og:type\" content=\"article\" \/>\n<meta property=\"og:title\" content=\"Le projet du nouveau Mus\u00e9e juif de Belgique d\u00e9marre - Boydens Engineering\" \/>\n<meta property=\"og:description\" content=\"La s\u00e9lection du bureau d\u2019architectes pour la r\u00e9novation du Mus\u00e9e juif de Belgique est finalis\u00e9e\u00a0et le laur\u00e9at est connu. Beliris, le maitre d\u2019ouvrage public bruxellois, a analys\u00e9 les candidats\u00a0en concertation avec le mus\u00e9e, repr\u00e9sent\u00e9 par son pr\u00e9sident Philippe Blondin, et &hellip; Read more\" \/>\n<meta property=\"og:url\" content=\"https:\/\/www.boydensvn.com\/fr\/le-projet-du-nouveau-musee-juif-de-belgique-demarre-2\/\" \/>\n<meta property=\"og:site_name\" content=\"Boydens Engineering\" \/>\n<meta property=\"article:published_time\" content=\"2020-11-30T12:54:00+00:00\" \/>\n<meta property=\"og:image\" content=\"https:\/\/www.boydensvn.com\/wp-content\/uploads\/2020\/11\/WEB-scaled.jpg\" \/>\n\t<meta property=\"og:image:width\" content=\"2560\" \/>\n\t<meta property=\"og:image:height\" content=\"1647\" \/>\n\t<meta property=\"og:image:type\" content=\"image\/jpeg\" \/>\n<meta name=\"author\" content=\"Trinh Tran Thi Doan\" \/>\n<meta name=\"twitter:card\" content=\"summary_large_image\" \/>\n<meta name=\"twitter:label1\" content=\"\u00c9crit par\" \/>\n\t<meta name=\"twitter:data1\" content=\"Trinh Tran Thi Doan\" \/>\n\t<meta name=\"twitter:label2\" content=\"Dur\u00e9e de lecture estim\u00e9e\" \/>\n\t<meta name=\"twitter:data2\" content=\"3 minutes\" \/>\n<script type=\"application\/ld+json\" class=\"yoast-schema-graph\">{\"@context\":\"https:\/\/schema.org\",\"@graph\":[{\"@type\":\"WebPage\",\"@id\":\"https:\/\/www.boydensvn.com\/fr\/le-projet-du-nouveau-musee-juif-de-belgique-demarre-2\/\",\"url\":\"https:\/\/www.boydensvn.com\/fr\/le-projet-du-nouveau-musee-juif-de-belgique-demarre-2\/\",\"name\":\"Le projet du nouveau Mus\u00e9e juif de Belgique d\u00e9marre - Boydens Engineering\",\"isPartOf\":{\"@id\":\"https:\/\/www.boydensvn.com\/#website\"},\"primaryImageOfPage\":{\"@id\":\"https:\/\/www.boydensvn.com\/fr\/le-projet-du-nouveau-musee-juif-de-belgique-demarre-2\/#primaryimage\"},\"image\":{\"@id\":\"https:\/\/www.boydensvn.com\/fr\/le-projet-du-nouveau-musee-juif-de-belgique-demarre-2\/#primaryimage\"},\"thumbnailUrl\":\"https:\/\/www.boydensvn.com\/wp-content\/uploads\/2020\/11\/WEB-scaled.jpg\",\"datePublished\":\"2020-11-30T12:54:00+00:00\",\"author\":{\"@id\":\"https:\/\/www.boydensvn.com\/#\/schema\/person\/397c5fb0220de494f739b04000ac4793\"},\"breadcrumb\":{\"@id\":\"https:\/\/www.boydensvn.com\/fr\/le-projet-du-nouveau-musee-juif-de-belgique-demarre-2\/#breadcrumb\"},\"inLanguage\":\"fr-FR\",\"potentialAction\":[{\"@type\":\"ReadAction\",\"target\":[\"https:\/\/www.boydensvn.com\/fr\/le-projet-du-nouveau-musee-juif-de-belgique-demarre-2\/\"]}]},{\"@type\":\"ImageObject\",\"inLanguage\":\"fr-FR\",\"@id\":\"https:\/\/www.boydensvn.com\/fr\/le-projet-du-nouveau-musee-juif-de-belgique-demarre-2\/#primaryimage\",\"url\":\"https:\/\/www.boydensvn.com\/wp-content\/uploads\/2020\/11\/WEB-scaled.jpg\",\"contentUrl\":\"https:\/\/www.boydensvn.com\/wp-content\/uploads\/2020\/11\/WEB-scaled.jpg\",\"width\":2560,\"height\":1647,\"caption\":\"musee juif\"},{\"@type\":\"BreadcrumbList\",\"@id\":\"https:\/\/www.boydensvn.com\/fr\/le-projet-du-nouveau-musee-juif-de-belgique-demarre-2\/#breadcrumb\",\"itemListElement\":[{\"@type\":\"ListItem\",\"position\":1,\"name\":\"Home\",\"item\":\"https:\/\/www.boydensvn.com\/fr\/\"},{\"@type\":\"ListItem\",\"position\":2,\"name\":\"Le projet du nouveau Mus\u00e9e juif de Belgique d\u00e9marre\"}]},{\"@type\":\"WebSite\",\"@id\":\"https:\/\/www.boydensvn.com\/#website\",\"url\":\"https:\/\/www.boydensvn.com\/\",\"name\":\"Boydens Engineering\",\"description\":\"\",\"potentialAction\":[{\"@type\":\"SearchAction\",\"target\":{\"@type\":\"EntryPoint\",\"urlTemplate\":\"https:\/\/www.boydensvn.com\/?s={search_term_string}\"},\"query-input\":{\"@type\":\"PropertyValueSpecification\",\"valueRequired\":true,\"valueName\":\"search_term_string\"}}],\"inLanguage\":\"fr-FR\"},{\"@type\":\"Person\",\"@id\":\"https:\/\/www.boydensvn.com\/#\/schema\/person\/397c5fb0220de494f739b04000ac4793\",\"name\":\"Trinh Tran Thi Doan\",\"image\":{\"@type\":\"ImageObject\",\"inLanguage\":\"fr-FR\",\"@id\":\"https:\/\/www.boydensvn.com\/#\/schema\/person\/image\/\",\"url\":\"https:\/\/secure.gravatar.com\/avatar\/7061137405fde045649e164ec15e6e9880bef3e2965b9eed414ff32226d13a0d?s=96&d=mm&r=g\",\"contentUrl\":\"https:\/\/secure.gravatar.com\/avatar\/7061137405fde045649e164ec15e6e9880bef3e2965b9eed414ff32226d13a0d?s=96&d=mm&r=g\",\"caption\":\"Trinh Tran Thi Doan\"}}]}<\/script>\n<!-- \/ Yoast SEO plugin. -->","yoast_head_json":{"title":"Le projet du nouveau Mus\u00e9e juif de Belgique d\u00e9marre - Boydens Engineering","robots":{"index":"index","follow":"follow","max-snippet":"max-snippet:-1","max-image-preview":"max-image-preview:large","max-video-preview":"max-video-preview:-1"},"canonical":"https:\/\/www.boydensvn.com\/fr\/le-projet-du-nouveau-musee-juif-de-belgique-demarre-2\/","og_locale":"fr_FR","og_type":"article","og_title":"Le projet du nouveau Mus\u00e9e juif de Belgique d\u00e9marre - Boydens Engineering","og_description":"La s\u00e9lection du bureau d\u2019architectes pour la r\u00e9novation du Mus\u00e9e juif de Belgique est finalis\u00e9e\u00a0et le laur\u00e9at est connu. Beliris, le maitre d\u2019ouvrage public bruxellois, a analys\u00e9 les candidats\u00a0en concertation avec le mus\u00e9e, repr\u00e9sent\u00e9 par son pr\u00e9sident Philippe Blondin, et &hellip; Read more","og_url":"https:\/\/www.boydensvn.com\/fr\/le-projet-du-nouveau-musee-juif-de-belgique-demarre-2\/","og_site_name":"Boydens Engineering","article_published_time":"2020-11-30T12:54:00+00:00","og_image":[{"width":2560,"height":1647,"url":"https:\/\/www.boydensvn.com\/wp-content\/uploads\/2020\/11\/WEB-scaled.jpg","type":"image\/jpeg"}],"author":"Trinh Tran Thi Doan","twitter_card":"summary_large_image","twitter_misc":{"\u00c9crit par":"Trinh Tran Thi Doan","Dur\u00e9e de lecture estim\u00e9e":"3 minutes"},"schema":{"@context":"https:\/\/schema.org","@graph":[{"@type":"WebPage","@id":"https:\/\/www.boydensvn.com\/fr\/le-projet-du-nouveau-musee-juif-de-belgique-demarre-2\/","url":"https:\/\/www.boydensvn.com\/fr\/le-projet-du-nouveau-musee-juif-de-belgique-demarre-2\/","name":"Le projet du nouveau Mus\u00e9e juif de Belgique d\u00e9marre - Boydens Engineering","isPartOf":{"@id":"https:\/\/www.boydensvn.com\/#website"},"primaryImageOfPage":{"@id":"https:\/\/www.boydensvn.com\/fr\/le-projet-du-nouveau-musee-juif-de-belgique-demarre-2\/#primaryimage"},"image":{"@id":"https:\/\/www.boydensvn.com\/fr\/le-projet-du-nouveau-musee-juif-de-belgique-demarre-2\/#primaryimage"},"thumbnailUrl":"https:\/\/www.boydensvn.com\/wp-content\/uploads\/2020\/11\/WEB-scaled.jpg","datePublished":"2020-11-30T12:54:00+00:00","author":{"@id":"https:\/\/www.boydensvn.com\/#\/schema\/person\/397c5fb0220de494f739b04000ac4793"},"breadcrumb":{"@id":"https:\/\/www.boydensvn.com\/fr\/le-projet-du-nouveau-musee-juif-de-belgique-demarre-2\/#breadcrumb"},"inLanguage":"fr-FR","potentialAction":[{"@type":"ReadAction","target":["https:\/\/www.boydensvn.com\/fr\/le-projet-du-nouveau-musee-juif-de-belgique-demarre-2\/"]}]},{"@type":"ImageObject","inLanguage":"fr-FR","@id":"https:\/\/www.boydensvn.com\/fr\/le-projet-du-nouveau-musee-juif-de-belgique-demarre-2\/#primaryimage","url":"https:\/\/www.boydensvn.com\/wp-content\/uploads\/2020\/11\/WEB-scaled.jpg","contentUrl":"https:\/\/www.boydensvn.com\/wp-content\/uploads\/2020\/11\/WEB-scaled.jpg","width":2560,"height":1647,"caption":"musee juif"},{"@type":"BreadcrumbList","@id":"https:\/\/www.boydensvn.com\/fr\/le-projet-du-nouveau-musee-juif-de-belgique-demarre-2\/#breadcrumb","itemListElement":[{"@type":"ListItem","position":1,"name":"Home","item":"https:\/\/www.boydensvn.com\/fr\/"},{"@type":"ListItem","position":2,"name":"Le projet du nouveau Mus\u00e9e juif de Belgique d\u00e9marre"}]},{"@type":"WebSite","@id":"https:\/\/www.boydensvn.com\/#website","url":"https:\/\/www.boydensvn.com\/","name":"Boydens Engineering","description":"","potentialAction":[{"@type":"SearchAction","target":{"@type":"EntryPoint","urlTemplate":"https:\/\/www.boydensvn.com\/?s={search_term_string}"},"query-input":{"@type":"PropertyValueSpecification","valueRequired":true,"valueName":"search_term_string"}}],"inLanguage":"fr-FR"},{"@type":"Person","@id":"https:\/\/www.boydensvn.com\/#\/schema\/person\/397c5fb0220de494f739b04000ac4793","name":"Trinh Tran Thi Doan","image":{"@type":"ImageObject","inLanguage":"fr-FR","@id":"https:\/\/www.boydensvn.com\/#\/schema\/person\/image\/","url":"https:\/\/secure.gravatar.com\/avatar\/7061137405fde045649e164ec15e6e9880bef3e2965b9eed414ff32226d13a0d?s=96&d=mm&r=g","contentUrl":"https:\/\/secure.gravatar.com\/avatar\/7061137405fde045649e164ec15e6e9880bef3e2965b9eed414ff32226d13a0d?s=96&d=mm&r=g","caption":"Trinh Tran Thi Doan"}}]}},"_links":{"self":[{"href":"https:\/\/www.boydensvn.com\/fr\/wp-json\/wp\/v2\/posts\/11272","targetHints":{"allow":["GET"]}}],"collection":[{"href":"https:\/\/www.boydensvn.com\/fr\/wp-json\/wp\/v2\/posts"}],"about":[{"href":"https:\/\/www.boydensvn.com\/fr\/wp-json\/wp\/v2\/types\/post"}],"author":[{"embeddable":true,"href":"https:\/\/www.boydensvn.com\/fr\/wp-json\/wp\/v2\/users\/27"}],"replies":[{"embeddable":true,"href":"https:\/\/www.boydensvn.com\/fr\/wp-json\/wp\/v2\/comments?post=11272"}],"version-history":[{"count":1,"href":"https:\/\/www.boydensvn.com\/fr\/wp-json\/wp\/v2\/posts\/11272\/revisions"}],"predecessor-version":[{"id":11273,"href":"https:\/\/www.boydensvn.com\/fr\/wp-json\/wp\/v2\/posts\/11272\/revisions\/11273"}],"wp:featuredmedia":[{"embeddable":true,"href":"https:\/\/www.boydensvn.com\/fr\/wp-json\/wp\/v2\/media\/11236"}],"wp:attachment":[{"href":"https:\/\/www.boydensvn.com\/fr\/wp-json\/wp\/v2\/media?parent=11272"}],"wp:term":[{"taxonomy":"category","embeddable":true,"href":"https:\/\/www.boydensvn.com\/fr\/wp-json\/wp\/v2\/categories?post=11272"},{"taxonomy":"post_tag","embeddable":true,"href":"https:\/\/www.boydensvn.com\/fr\/wp-json\/wp\/v2\/tags?post=11272"}],"curies":[{"name":"wp","href":"https:\/\/api.w.org\/{rel}","templated":true}]}}