{"id":11235,"date":"2020-11-30T17:38:12","date_gmt":"2020-11-30T10:38:12","guid":{"rendered":"https:\/\/www.boydensvn.com\/?p=11235"},"modified":"2020-11-30T19:50:43","modified_gmt":"2020-11-30T12:50:43","slug":"le-projet-du-nouveau-musee-juif-de-belgique-demarre","status":"publish","type":"post","link":"https:\/\/www.boydensvn.com\/fr\/le-projet-du-nouveau-musee-juif-de-belgique-demarre\/","title":{"rendered":"Une nouvelle r\u00e9compense pour la Gare Maritime"},"content":{"rendered":"<div class=\"description\">\n<p><strong>Les\u00a0<a href=\"https:\/\/www.arc-awards.nl\/\" target=\"_blank\" rel=\"noopener noreferrer\">ARC20 Awards<\/a>\u00a0ont \u00e9t\u00e9 d\u00e9cern\u00e9s hier soir \u00e0 Amsterdam. Dans 3 des 6 cat\u00e9gories, les laur\u00e9ats sont des projets ou des bureaux belges. Les bureaux gantois\u00a0<a href=\"https:\/\/felt.works\/\" target=\"_blank\" rel=\"noopener noreferrer\">FELT architecture &amp;\u00a0design<\/a>\u00a0et\u00a0<a href=\"https:\/\/www.ae-architecten.be\/\" target=\"_blank\" rel=\"noopener noreferrer\">Ae-architecten<\/a>\u00a0re\u00e7oivent\u00a0respectivement l&#8217;ARC20 Jong Talent Award et l&#8217;ARC20 Detail Award. Mais le prix le plus prestigieux de la soir\u00e9e, l&#8217;ARC20 Architectuur Award, a \u00e9t\u00e9 d\u00e9cern\u00e9 \u00e0 la\u00a0Gare Maritime de\u00a0<a href=\"https:\/\/neutelings-riedijk.com\/\" target=\"_blank\" rel=\"noopener noreferrer\">Neutelings Riedijk<\/a>\u00a0et\u00a0<a href=\"http:\/\/b-b.be\/fr\" target=\"_blank\" rel=\"noopener noreferrer\">Bureau Bouwtechniek<\/a>.<\/strong><\/p>\n<p>&nbsp;<\/p>\n<\/div>\n<div class=\"text\">\n<\/br><br \/>\n<\/br><br \/>\nL&#8217;ARC20 Architectuur Award est attribu\u00e9 \u00e0 un projet r\u00e9cemment r\u00e9alis\u00e9 qui se d\u00e9marque par de hautes prestations en mati\u00e8re de durabili\u00e9, dans le sens large du terme, et qui combine de mani\u00e8re innovante cette durabilit\u00e9 avec une architecture surprenante.<br \/>\n<\/br><br \/>\n<\/br><br \/>\nLa Gare Maritime, sur le site de Tour &#038; Taxis \u00e0 Bruxelles, a \u00e9t\u00e9 r\u00e9cemment achev\u00e9e et les premiers locataires s&#8217;y sont d\u00e9j\u00e0 install\u00e9s. Le ma\u00eetre d&#8217;ouvrage Extensa a eu le nez fin en confiant la conception de la transformation de cette ancienne gare de marchandises au bureau n\u00e9erlandais Neutelings Riedijk Architecten en collaboration avec le belge Bureau Bouwtechniek. Neutelings Riedijk Architecten a con\u00e7u cette ville couverte o\u00f9 il ne pleut jamais (un vrai d\u00e9fi, en Belgique) int\u00e9gralement en bois. C&#8217;est pourquoi la Gare Maritime est un excellent exemple de d\u00e9veloppement durable et est actuellement le plus grand projet en bois CLT d&#8217;Europe.<br \/>\n<\/br><br \/>\n<\/br><br \/>\nLa conception a \u00e9galement \u00e9t\u00e9 port\u00e9e par les bureaux NEY &#038; Partners, boydens engineering et OMGEVING. Lors d&#8217;une premi\u00e8re phase, la Gare avait \u00e9t\u00e9 r\u00e9nov\u00e9e pr\u00e9cautionneusement sur les conseils du bureau Jan de Moffarts Architecten.<br \/>\n<\/br><br \/>\n<\/br><br \/>\nPour en savoir plus sur le caract\u00e8re unique et circulaire de la Gare Maritime, cliquez sur ce lien.<br \/>\n<\/br><br \/>\n<\/br><br \/>\nVisitez \u00e9galement l&#8217;int\u00e9rieur de la Gare gr\u00e2ce \u00e0 cette vid\u00e9o.<br \/>\n<\/br><br \/>\n<\/br><\/p>\n<\/div>\n<p><a href=\"https:\/\/architectura.be\/fr\/actualite\/50145\/une-nouvelle-recompense-pour-la-gare-maritime\">Une nouvelle r\u00e9compense pour la Gare Maritime | architectura.be<\/a><\/p>\n","protected":false},"excerpt":{"rendered":"<p>Les\u00a0ARC20 Awards\u00a0ont \u00e9t\u00e9 d\u00e9cern\u00e9s hier soir \u00e0 Amsterdam. Dans 3 des 6 cat\u00e9gories, les laur\u00e9ats sont des projets ou des bureaux belges. Les bureaux gantois\u00a0FELT architecture &amp;\u00a0design\u00a0et\u00a0Ae-architecten\u00a0re\u00e7oivent\u00a0respectivement l&#8217;ARC20 Jong Talent Award et l&#8217;ARC20 Detail Award. Mais le prix le plus &hellip; <a href=\"https:\/\/www.boydensvn.com\/fr\/le-projet-du-nouveau-musee-juif-de-belgique-demarre\/\">Read more<\/a><\/p>\n","protected":false},"author":27,"featured_media":11055,"comment_status":"open","ping_status":"open","sticky":false,"template":"","format":"standard","meta":{"_acf_changed":false,"inline_featured_image":false,"footnotes":""},"categories":[19],"tags":[],"class_list":["post-11235","post","type-post","status-publish","format-standard","has-post-thumbnail","hentry","category-non-classifiee"],"acf":[],"yoast_head":"<!-- This site is optimized with the Yoast SEO plugin v26.2 - https:\/\/yoast.com\/wordpress\/plugins\/seo\/ -->\n<title>Une nouvelle r\u00e9compense pour la Gare Maritime - Boydens Engineering<\/title>\n<meta name=\"robots\" content=\"index, follow, max-snippet:-1, max-image-preview:large, max-video-preview:-1\" \/>\n<link rel=\"canonical\" href=\"https:\/\/www.boydensvn.com\/fr\/le-projet-du-nouveau-musee-juif-de-belgique-demarre\/\" \/>\n<meta property=\"og:locale\" content=\"fr_FR\" \/>\n<meta property=\"og:type\" content=\"article\" \/>\n<meta property=\"og:title\" content=\"Une nouvelle r\u00e9compense pour la Gare Maritime - Boydens Engineering\" \/>\n<meta property=\"og:description\" content=\"Les\u00a0ARC20 Awards\u00a0ont \u00e9t\u00e9 d\u00e9cern\u00e9s hier soir \u00e0 Amsterdam. Dans 3 des 6 cat\u00e9gories, les laur\u00e9ats sont des projets ou des bureaux belges. Les bureaux gantois\u00a0FELT architecture &amp;\u00a0design\u00a0et\u00a0Ae-architecten\u00a0re\u00e7oivent\u00a0respectivement l&#8217;ARC20 Jong Talent Award et l&#8217;ARC20 Detail Award. Mais le prix le plus &hellip; Read more\" \/>\n<meta property=\"og:url\" content=\"https:\/\/www.boydensvn.com\/fr\/le-projet-du-nouveau-musee-juif-de-belgique-demarre\/\" \/>\n<meta property=\"og:site_name\" content=\"Boydens Engineering\" \/>\n<meta property=\"article:published_time\" content=\"2020-11-30T10:38:12+00:00\" \/>\n<meta property=\"article:modified_time\" content=\"2020-11-30T12:50:43+00:00\" \/>\n<meta property=\"og:image\" content=\"https:\/\/www.boydensvn.com\/wp-content\/uploads\/2020\/02\/01-Gare-Maritime-NRA_FilipDujardin-HR-min-2-scaled.jpg\" \/>\n\t<meta property=\"og:image:width\" content=\"2560\" \/>\n\t<meta property=\"og:image:height\" content=\"1743\" \/>\n\t<meta property=\"og:image:type\" content=\"image\/jpeg\" \/>\n<meta name=\"author\" content=\"Trinh Tran Thi Doan\" \/>\n<meta name=\"twitter:card\" content=\"summary_large_image\" \/>\n<meta name=\"twitter:label1\" content=\"\u00c9crit par\" \/>\n\t<meta name=\"twitter:data1\" content=\"Trinh Tran Thi Doan\" \/>\n\t<meta name=\"twitter:label2\" content=\"Dur\u00e9e de lecture estim\u00e9e\" \/>\n\t<meta name=\"twitter:data2\" content=\"2 minutes\" \/>\n<script type=\"application\/ld+json\" class=\"yoast-schema-graph\">{\"@context\":\"https:\/\/schema.org\",\"@graph\":[{\"@type\":\"WebPage\",\"@id\":\"https:\/\/www.boydensvn.com\/fr\/le-projet-du-nouveau-musee-juif-de-belgique-demarre\/\",\"url\":\"https:\/\/www.boydensvn.com\/fr\/le-projet-du-nouveau-musee-juif-de-belgique-demarre\/\",\"name\":\"Une nouvelle r\u00e9compense pour la Gare Maritime - Boydens Engineering\",\"isPartOf\":{\"@id\":\"https:\/\/www.boydensvn.com\/#website\"},\"primaryImageOfPage\":{\"@id\":\"https:\/\/www.boydensvn.com\/fr\/le-projet-du-nouveau-musee-juif-de-belgique-demarre\/#primaryimage\"},\"image\":{\"@id\":\"https:\/\/www.boydensvn.com\/fr\/le-projet-du-nouveau-musee-juif-de-belgique-demarre\/#primaryimage\"},\"thumbnailUrl\":\"https:\/\/www.boydensvn.com\/wp-content\/uploads\/2020\/02\/01-Gare-Maritime-NRA_FilipDujardin-HR-min-2-scaled.jpg\",\"datePublished\":\"2020-11-30T10:38:12+00:00\",\"dateModified\":\"2020-11-30T12:50:43+00:00\",\"author\":{\"@id\":\"https:\/\/www.boydensvn.com\/#\/schema\/person\/397c5fb0220de494f739b04000ac4793\"},\"breadcrumb\":{\"@id\":\"https:\/\/www.boydensvn.com\/fr\/le-projet-du-nouveau-musee-juif-de-belgique-demarre\/#breadcrumb\"},\"inLanguage\":\"fr-FR\",\"potentialAction\":[{\"@type\":\"ReadAction\",\"target\":[\"https:\/\/www.boydensvn.com\/fr\/le-projet-du-nouveau-musee-juif-de-belgique-demarre\/\"]}]},{\"@type\":\"ImageObject\",\"inLanguage\":\"fr-FR\",\"@id\":\"https:\/\/www.boydensvn.com\/fr\/le-projet-du-nouveau-musee-juif-de-belgique-demarre\/#primaryimage\",\"url\":\"https:\/\/www.boydensvn.com\/wp-content\/uploads\/2020\/02\/01-Gare-Maritime-NRA_FilipDujardin-HR-min-2-scaled.jpg\",\"contentUrl\":\"https:\/\/www.boydensvn.com\/wp-content\/uploads\/2020\/02\/01-Gare-Maritime-NRA_FilipDujardin-HR-min-2-scaled.jpg\",\"width\":2560,\"height\":1743,\"caption\":\"Gare Maritime\"},{\"@type\":\"BreadcrumbList\",\"@id\":\"https:\/\/www.boydensvn.com\/fr\/le-projet-du-nouveau-musee-juif-de-belgique-demarre\/#breadcrumb\",\"itemListElement\":[{\"@type\":\"ListItem\",\"position\":1,\"name\":\"Home\",\"item\":\"https:\/\/www.boydensvn.com\/fr\/\"},{\"@type\":\"ListItem\",\"position\":2,\"name\":\"Une nouvelle r\u00e9compense pour la Gare Maritime\"}]},{\"@type\":\"WebSite\",\"@id\":\"https:\/\/www.boydensvn.com\/#website\",\"url\":\"https:\/\/www.boydensvn.com\/\",\"name\":\"Boydens Engineering\",\"description\":\"\",\"potentialAction\":[{\"@type\":\"SearchAction\",\"target\":{\"@type\":\"EntryPoint\",\"urlTemplate\":\"https:\/\/www.boydensvn.com\/?s={search_term_string}\"},\"query-input\":{\"@type\":\"PropertyValueSpecification\",\"valueRequired\":true,\"valueName\":\"search_term_string\"}}],\"inLanguage\":\"fr-FR\"},{\"@type\":\"Person\",\"@id\":\"https:\/\/www.boydensvn.com\/#\/schema\/person\/397c5fb0220de494f739b04000ac4793\",\"name\":\"Trinh Tran Thi Doan\",\"image\":{\"@type\":\"ImageObject\",\"inLanguage\":\"fr-FR\",\"@id\":\"https:\/\/www.boydensvn.com\/#\/schema\/person\/image\/\",\"url\":\"https:\/\/secure.gravatar.com\/avatar\/7061137405fde045649e164ec15e6e9880bef3e2965b9eed414ff32226d13a0d?s=96&d=mm&r=g\",\"contentUrl\":\"https:\/\/secure.gravatar.com\/avatar\/7061137405fde045649e164ec15e6e9880bef3e2965b9eed414ff32226d13a0d?s=96&d=mm&r=g\",\"caption\":\"Trinh Tran Thi Doan\"}}]}<\/script>\n<!-- \/ Yoast SEO plugin. -->","yoast_head_json":{"title":"Une nouvelle r\u00e9compense pour la Gare Maritime - Boydens Engineering","robots":{"index":"index","follow":"follow","max-snippet":"max-snippet:-1","max-image-preview":"max-image-preview:large","max-video-preview":"max-video-preview:-1"},"canonical":"https:\/\/www.boydensvn.com\/fr\/le-projet-du-nouveau-musee-juif-de-belgique-demarre\/","og_locale":"fr_FR","og_type":"article","og_title":"Une nouvelle r\u00e9compense pour la Gare Maritime - Boydens Engineering","og_description":"Les\u00a0ARC20 Awards\u00a0ont \u00e9t\u00e9 d\u00e9cern\u00e9s hier soir \u00e0 Amsterdam. Dans 3 des 6 cat\u00e9gories, les laur\u00e9ats sont des projets ou des bureaux belges. Les bureaux gantois\u00a0FELT architecture &amp;\u00a0design\u00a0et\u00a0Ae-architecten\u00a0re\u00e7oivent\u00a0respectivement l&#8217;ARC20 Jong Talent Award et l&#8217;ARC20 Detail Award. Mais le prix le plus &hellip; Read more","og_url":"https:\/\/www.boydensvn.com\/fr\/le-projet-du-nouveau-musee-juif-de-belgique-demarre\/","og_site_name":"Boydens Engineering","article_published_time":"2020-11-30T10:38:12+00:00","article_modified_time":"2020-11-30T12:50:43+00:00","og_image":[{"width":2560,"height":1743,"url":"https:\/\/www.boydensvn.com\/wp-content\/uploads\/2020\/02\/01-Gare-Maritime-NRA_FilipDujardin-HR-min-2-scaled.jpg","type":"image\/jpeg"}],"author":"Trinh Tran Thi Doan","twitter_card":"summary_large_image","twitter_misc":{"\u00c9crit par":"Trinh Tran Thi Doan","Dur\u00e9e de lecture estim\u00e9e":"2 minutes"},"schema":{"@context":"https:\/\/schema.org","@graph":[{"@type":"WebPage","@id":"https:\/\/www.boydensvn.com\/fr\/le-projet-du-nouveau-musee-juif-de-belgique-demarre\/","url":"https:\/\/www.boydensvn.com\/fr\/le-projet-du-nouveau-musee-juif-de-belgique-demarre\/","name":"Une nouvelle r\u00e9compense pour la Gare Maritime - Boydens Engineering","isPartOf":{"@id":"https:\/\/www.boydensvn.com\/#website"},"primaryImageOfPage":{"@id":"https:\/\/www.boydensvn.com\/fr\/le-projet-du-nouveau-musee-juif-de-belgique-demarre\/#primaryimage"},"image":{"@id":"https:\/\/www.boydensvn.com\/fr\/le-projet-du-nouveau-musee-juif-de-belgique-demarre\/#primaryimage"},"thumbnailUrl":"https:\/\/www.boydensvn.com\/wp-content\/uploads\/2020\/02\/01-Gare-Maritime-NRA_FilipDujardin-HR-min-2-scaled.jpg","datePublished":"2020-11-30T10:38:12+00:00","dateModified":"2020-11-30T12:50:43+00:00","author":{"@id":"https:\/\/www.boydensvn.com\/#\/schema\/person\/397c5fb0220de494f739b04000ac4793"},"breadcrumb":{"@id":"https:\/\/www.boydensvn.com\/fr\/le-projet-du-nouveau-musee-juif-de-belgique-demarre\/#breadcrumb"},"inLanguage":"fr-FR","potentialAction":[{"@type":"ReadAction","target":["https:\/\/www.boydensvn.com\/fr\/le-projet-du-nouveau-musee-juif-de-belgique-demarre\/"]}]},{"@type":"ImageObject","inLanguage":"fr-FR","@id":"https:\/\/www.boydensvn.com\/fr\/le-projet-du-nouveau-musee-juif-de-belgique-demarre\/#primaryimage","url":"https:\/\/www.boydensvn.com\/wp-content\/uploads\/2020\/02\/01-Gare-Maritime-NRA_FilipDujardin-HR-min-2-scaled.jpg","contentUrl":"https:\/\/www.boydensvn.com\/wp-content\/uploads\/2020\/02\/01-Gare-Maritime-NRA_FilipDujardin-HR-min-2-scaled.jpg","width":2560,"height":1743,"caption":"Gare Maritime"},{"@type":"BreadcrumbList","@id":"https:\/\/www.boydensvn.com\/fr\/le-projet-du-nouveau-musee-juif-de-belgique-demarre\/#breadcrumb","itemListElement":[{"@type":"ListItem","position":1,"name":"Home","item":"https:\/\/www.boydensvn.com\/fr\/"},{"@type":"ListItem","position":2,"name":"Une nouvelle r\u00e9compense pour la Gare Maritime"}]},{"@type":"WebSite","@id":"https:\/\/www.boydensvn.com\/#website","url":"https:\/\/www.boydensvn.com\/","name":"Boydens Engineering","description":"","potentialAction":[{"@type":"SearchAction","target":{"@type":"EntryPoint","urlTemplate":"https:\/\/www.boydensvn.com\/?s={search_term_string}"},"query-input":{"@type":"PropertyValueSpecification","valueRequired":true,"valueName":"search_term_string"}}],"inLanguage":"fr-FR"},{"@type":"Person","@id":"https:\/\/www.boydensvn.com\/#\/schema\/person\/397c5fb0220de494f739b04000ac4793","name":"Trinh Tran Thi Doan","image":{"@type":"ImageObject","inLanguage":"fr-FR","@id":"https:\/\/www.boydensvn.com\/#\/schema\/person\/image\/","url":"https:\/\/secure.gravatar.com\/avatar\/7061137405fde045649e164ec15e6e9880bef3e2965b9eed414ff32226d13a0d?s=96&d=mm&r=g","contentUrl":"https:\/\/secure.gravatar.com\/avatar\/7061137405fde045649e164ec15e6e9880bef3e2965b9eed414ff32226d13a0d?s=96&d=mm&r=g","caption":"Trinh Tran Thi Doan"}}]}},"_links":{"self":[{"href":"https:\/\/www.boydensvn.com\/fr\/wp-json\/wp\/v2\/posts\/11235","targetHints":{"allow":["GET"]}}],"collection":[{"href":"https:\/\/www.boydensvn.com\/fr\/wp-json\/wp\/v2\/posts"}],"about":[{"href":"https:\/\/www.boydensvn.com\/fr\/wp-json\/wp\/v2\/types\/post"}],"author":[{"embeddable":true,"href":"https:\/\/www.boydensvn.com\/fr\/wp-json\/wp\/v2\/users\/27"}],"replies":[{"embeddable":true,"href":"https:\/\/www.boydensvn.com\/fr\/wp-json\/wp\/v2\/comments?post=11235"}],"version-history":[{"count":5,"href":"https:\/\/www.boydensvn.com\/fr\/wp-json\/wp\/v2\/posts\/11235\/revisions"}],"predecessor-version":[{"id":11271,"href":"https:\/\/www.boydensvn.com\/fr\/wp-json\/wp\/v2\/posts\/11235\/revisions\/11271"}],"wp:featuredmedia":[{"embeddable":true,"href":"https:\/\/www.boydensvn.com\/fr\/wp-json\/wp\/v2\/media\/11055"}],"wp:attachment":[{"href":"https:\/\/www.boydensvn.com\/fr\/wp-json\/wp\/v2\/media?parent=11235"}],"wp:term":[{"taxonomy":"category","embeddable":true,"href":"https:\/\/www.boydensvn.com\/fr\/wp-json\/wp\/v2\/categories?post=11235"},{"taxonomy":"post_tag","embeddable":true,"href":"https:\/\/www.boydensvn.com\/fr\/wp-json\/wp\/v2\/tags?post=11235"}],"curies":[{"name":"wp","href":"https:\/\/api.w.org\/{rel}","templated":true}]}}